{"id":15705,"date":"2023-10-11T11:26:18","date_gmt":"2023-10-11T13:26:18","guid":{"rendered":"http:\/\/blog.cancaonova.com\/paisecatequistas\/?p=15705"},"modified":"2023-10-11T11:57:39","modified_gmt":"2023-10-11T13:57:39","slug":"clipe-nos-amamos-ser-criancas","status":"publish","type":"post","link":"https:\/\/blog.cancaonova.com\/paisecatequistas\/clipe-nos-amamos-ser-criancas\/","title":{"rendered":"Clipe: N\u00f3s amamos ser crian\u00e7as"},"content":{"rendered":"<p>Ser crian\u00e7a \u00e9 bom demais, pois delas \u00e9 o Reino dos C\u00e9us!<\/p>\n<p><iframe loading=\"lazy\" title=\"N\u00c3\u00b3s amamos ser crian\u00c3\u00a7as\u00c2\u00a0 | Sarah Sabar\u00c3\u00a1 (Clipe oficial)\" width=\"600\" height=\"338\" src=\"https:\/\/www.youtube.com\/embed\/DazmqJMLSwQ?feature=oembed&amp;rel=0\" frameborder=\"0\" allow=\"accelerometer; autoplay; clipboard-write; encrypted-media; gyroscope; picture-in-picture; web-share\" referrerpolicy=\"strict-origin-when-cross-origin\" allowfullscreen><\/iframe><\/p>\n","protected":false},"excerpt":{"rendered":"<p>Ser crian\u00e7a \u00e9 bom demais, pois delas \u00e9 o Reino dos C\u00e9us!<\/p>\n","protected":false},"author":4340,"featured_media":15715,"comment_status":"open","ping_status":"open","sticky":false,"template":"","format":"standard","meta":{"_mi_skip_tracking":false,"_monsterinsights_sitenote_active":false,"_monsterinsights_sitenote_note":"","_monsterinsights_sitenote_category":0,"footnotes":""},"categories":[1],"tags":[],"_links":{"self":[{"href":"https:\/\/blog.cancaonova.com\/paisecatequistas\/wp-json\/wp\/v2\/posts\/15705"}],"collection":[{"href":"https:\/\/blog.cancaonova.com\/paisecatequistas\/wp-json\/wp\/v2\/posts"}],"about":[{"href":"https:\/\/blog.cancaonova.com\/paisecatequistas\/wp-json\/wp\/v2\/types\/post"}],"author":[{"embeddable":true,"href":"https:\/\/blog.cancaonova.com\/paisecatequistas\/wp-json\/wp\/v2\/users\/4340"}],"replies":[{"embeddable":true,"href":"https:\/\/blog.cancaonova.com\/paisecatequistas\/wp-json\/wp\/v2\/comments?post=15705"}],"version-history":[{"count":2,"href":"https:\/\/blog.cancaonova.com\/paisecatequistas\/wp-json\/wp\/v2\/posts\/15705\/revisions"}],"predecessor-version":[{"id":15716,"href":"https:\/\/blog.cancaonova.com\/paisecatequistas\/wp-json\/wp\/v2\/posts\/15705\/revisions\/15716"}],"wp:featuredmedia":[{"embeddable":true,"href":"https:\/\/blog.cancaonova.com\/paisecatequistas\/wp-json\/wp\/v2\/media\/15715"}],"wp:attachment":[{"href":"https:\/\/blog.cancaonova.com\/paisecatequistas\/wp-json\/wp\/v2\/media?parent=15705"}],"wp:term":[{"taxonomy":"category","embeddable":true,"href":"https:\/\/blog.cancaonova.com\/paisecatequistas\/wp-json\/wp\/v2\/categories?post=15705"},{"taxonomy":"post_tag","embeddable":true,"href":"https:\/\/blog.cancaonova.com\/paisecatequistas\/wp-json\/wp\/v2\/tags?post=15705"}],"curies":[{"name":"wp","href":"https:\/\/api.w.org\/{rel}","templated":true}]}}