{"id":15744,"date":"2023-10-13T14:04:48","date_gmt":"2023-10-13T16:04:48","guid":{"rendered":"http:\/\/blog.cancaonova.com\/paisecatequistas\/?p=15744"},"modified":"2026-04-02T14:51:31","modified_gmt":"2026-04-02T16:51:31","slug":"os-tercos-roubados","status":"publish","type":"post","link":"https:\/\/blog.cancaonova.com\/paisecatequistas\/os-tercos-roubados\/","title":{"rendered":"A ora\u00e7\u00e3o do ter\u00e7o vence as distra\u00e7\u00f5es"},"content":{"rendered":"<h4><em>&#8220;Depois, disse ao disc\u00edpulo:\u00a0Eis a\u00ed tua m\u00e3e. E dessa hora em diante, o disc\u00edpulo a levou para casa\u201d<\/em>\u00a0(Jo\u00e3o 19:25-27)<\/h4>\n<h4><em>&#8220;Una-se a Maria e reze principalmente o ter\u00e7o, que, ao contr\u00e1rio do que \u00e0s vezes se pensa, n\u00e3o \u00e9 uma ora\u00e7\u00e3o ing\u00eanua, e sim de poder. \u00c9 uma alian\u00e7a que voc\u00ea faz com Aquela que nos trouxe a salva\u00e7\u00e3o: Jesus.&#8221;\u00a0 <\/em>Padre Jonas Abib<\/h4>\n<p>As nossas crian\u00e7as, desde pequenas, podem fazer a experi\u00eancia de ora\u00e7\u00e3o com o Santo Ter\u00e7o, pois ele \u00e9 a ora\u00e7\u00e3o dos simples. N\u00e3o deixemos que as distra\u00e7\u00f5es deste mundo as afastem do que \u00e9 puro e santo.<\/p>\n<p>Os Her\u00f3is do Esp\u00edrito Santo est\u00e3o com um grande mist\u00e9rio para resolver: o Pirata Distra\u00e7\u00e3o entrou em a\u00e7\u00e3o novamente!<\/p>\n<p><iframe loading=\"lazy\" title=\"Her\u00c3\u00b3is do Esp\u00c3\u00adrito Santo - Ter\u00c3\u00a7os roubados\" width=\"600\" height=\"338\" src=\"https:\/\/www.youtube.com\/embed\/yforAOcfDVY?feature=oembed&amp;rel=0\" frameborder=\"0\" allow=\"accelerometer; autoplay; clipboard-write; encrypted-media; gyroscope; picture-in-picture; web-share\" referrerpolicy=\"strict-origin-when-cross-origin\" allowfullscreen><\/iframe><\/p>\n","protected":false},"excerpt":{"rendered":"<p>As nossas crian\u00e7as desde pequenas podem fazer a experiencia de ora\u00e7\u00e3o com o Santo Ter\u00e7o, pois ele \u00e9 a ora\u00e7\u00e3o dos simples. N\u00e3o deixemos que as distra\u00e7\u00f5es desse mundo as afastem do que \u00e9 puro e santo.<\/p>\n<p>Os Her\u00f3is do Esp\u00edrito Santo est\u00e3o com um grande mist\u00e9rio para resolver: o Pirata Distra\u00e7\u00e3o entrou em a\u00e7\u00e3o novamente.<\/p>\n<p> <a href=\"https:\/\/blog.cancaonova.com\/paisecatequistas\/os-tercos-roubados\/\">Continue lendo <span class=\"meta-nav\">&rarr;<\/span><\/a><\/p>\n","protected":false},"author":4340,"featured_media":17339,"comment_status":"closed","ping_status":"closed","sticky":false,"template":"","format":"standard","meta":{"_mi_skip_tracking":false,"_monsterinsights_sitenote_active":false,"_monsterinsights_sitenote_note":"","_monsterinsights_sitenote_category":0,"footnotes":""},"categories":[200710],"tags":[15792,16512,5721,15991,17101,231,8181,219085,17268],"_links":{"self":[{"href":"https:\/\/blog.cancaonova.com\/paisecatequistas\/wp-json\/wp\/v2\/posts\/15744"}],"collection":[{"href":"https:\/\/blog.cancaonova.com\/paisecatequistas\/wp-json\/wp\/v2\/posts"}],"about":[{"href":"https:\/\/blog.cancaonova.com\/paisecatequistas\/wp-json\/wp\/v2\/types\/post"}],"author":[{"embeddable":true,"href":"https:\/\/blog.cancaonova.com\/paisecatequistas\/wp-json\/wp\/v2\/users\/4340"}],"replies":[{"embeddable":true,"href":"https:\/\/blog.cancaonova.com\/paisecatequistas\/wp-json\/wp\/v2\/comments?post=15744"}],"version-history":[{"count":11,"href":"https:\/\/blog.cancaonova.com\/paisecatequistas\/wp-json\/wp\/v2\/posts\/15744\/revisions"}],"predecessor-version":[{"id":20311,"href":"https:\/\/blog.cancaonova.com\/paisecatequistas\/wp-json\/wp\/v2\/posts\/15744\/revisions\/20311"}],"wp:featuredmedia":[{"embeddable":true,"href":"https:\/\/blog.cancaonova.com\/paisecatequistas\/wp-json\/wp\/v2\/media\/17339"}],"wp:attachment":[{"href":"https:\/\/blog.cancaonova.com\/paisecatequistas\/wp-json\/wp\/v2\/media?parent=15744"}],"wp:term":[{"taxonomy":"category","embeddable":true,"href":"https:\/\/blog.cancaonova.com\/paisecatequistas\/wp-json\/wp\/v2\/categories?post=15744"},{"taxonomy":"post_tag","embeddable":true,"href":"https:\/\/blog.cancaonova.com\/paisecatequistas\/wp-json\/wp\/v2\/tags?post=15744"}],"curies":[{"name":"wp","href":"https:\/\/api.w.org\/{rel}","templated":true}]}}