{"id":15765,"date":"2023-10-20T12:44:19","date_gmt":"2023-10-20T14:44:19","guid":{"rendered":"http:\/\/blog.cancaonova.com\/paisecatequistas\/?p=15765"},"modified":"2025-10-15T11:40:01","modified_gmt":"2025-10-15T13:40:01","slug":"beata-benigna-heroina-da-castidade","status":"publish","type":"post","link":"https:\/\/blog.cancaonova.com\/paisecatequistas\/beata-benigna-heroina-da-castidade\/","title":{"rendered":"Beata Benigna, Hero\u00edna da Castidade"},"content":{"rendered":"<p>Uma menininha chamada Benigna Cardoso da Silva ser\u00e1 a pr\u00f3xima Beata brasileira. Ela nasceu no dia 15 de outubro de 1928, em Santana do Cariri, no Cear\u00e1.<\/p>\n<p>Como perdeu o pai e a m\u00e3e muito cedo, foi adotada por uma fam\u00edlia que lhe queria muito bem.<\/p>\n<p>Ela \u00e9 considerada \u201cHero\u00edna da Castidade\u201d, pois, em 24 de outubro de 1941, quando saiu para pegar \u00e1gua pr\u00f3ximo a sua casa, um rapaz chamado Raul queria namorar Benigna de todo jeito, ent\u00e3o come\u00e7ou a persegui-la. Mas vendo que ela n\u00e3o abriria m\u00e3o de sua pureza, cheio de raiva, ele a feriu em v\u00e1rios lugares do seu corpo.<\/p>\n<p>Benigna caiu sem for\u00e7as e morreu ali mesmo pr\u00f3ximo ao po\u00e7o.<\/p>\n<p><a href=\"http:\/\/blog.cancaonova.com\/paisecatequistas\/files\/2023\/10\/benigna-2.jpg\"><img loading=\"lazy\" decoding=\"async\" class=\"wp-image-15769 alignnone\" src=\"http:\/\/blog.cancaonova.com\/paisecatequistas\/files\/2023\/10\/benigna-2.jpg\" alt=\"\" width=\"597\" height=\"844\" srcset=\"https:\/\/blog.cancaonova.com\/paisecatequistas\/files\/2023\/10\/benigna-2.jpg 1414w, https:\/\/blog.cancaonova.com\/paisecatequistas\/files\/2023\/10\/benigna-2-212x300.jpg 212w, https:\/\/blog.cancaonova.com\/paisecatequistas\/files\/2023\/10\/benigna-2-768x1086.jpg 768w\" sizes=\"(max-width: 597px) 100vw, 597px\" \/><\/a><\/p>\n<p>CLIQUE PARA COLORIR<\/p>\n<p><a href=\"http:\/\/blog.cancaonova.com\/paisecatequistas\/files\/2023\/10\/1benigna.pdf\"><img loading=\"lazy\" decoding=\"async\" class=\"wp-image-15768 alignnone\" src=\"http:\/\/blog.cancaonova.com\/paisecatequistas\/files\/2023\/10\/1benigna.jpg\" alt=\"\" width=\"702\" height=\"993\" srcset=\"https:\/\/blog.cancaonova.com\/paisecatequistas\/files\/2023\/10\/1benigna.jpg 1414w, https:\/\/blog.cancaonova.com\/paisecatequistas\/files\/2023\/10\/1benigna-212x300.jpg 212w, https:\/\/blog.cancaonova.com\/paisecatequistas\/files\/2023\/10\/1benigna-768x1086.jpg 768w\" sizes=\"(max-width: 702px) 100vw, 702px\" \/><\/a><\/p>\n<p>&nbsp;<\/p>\n","protected":false},"excerpt":{"rendered":"<p>Uma menininha chamada Benigna Cardoso da Silva ser\u00e1 a pr\u00f3xima Beata brasileira. Ela nasceu no dia 15 de outubro de 1928, em Santana do Cariri, no Cear\u00e1. Como perdeu o pai e a m\u00e3e muito cedo, foi adotada por uma&#8230;<\/p>\n","protected":false},"author":4340,"featured_media":15767,"comment_status":"closed","ping_status":"closed","sticky":false,"template":"","format":"standard","meta":{"_mi_skip_tracking":false,"_monsterinsights_sitenote_active":false,"_monsterinsights_sitenote_note":"","_monsterinsights_sitenote_category":0,"footnotes":""},"categories":[200710],"tags":[289804,26912,289805,289808,5011,289807,10471,26984,289806,19413],"_links":{"self":[{"href":"https:\/\/blog.cancaonova.com\/paisecatequistas\/wp-json\/wp\/v2\/posts\/15765"}],"collection":[{"href":"https:\/\/blog.cancaonova.com\/paisecatequistas\/wp-json\/wp\/v2\/posts"}],"about":[{"href":"https:\/\/blog.cancaonova.com\/paisecatequistas\/wp-json\/wp\/v2\/types\/post"}],"author":[{"embeddable":true,"href":"https:\/\/blog.cancaonova.com\/paisecatequistas\/wp-json\/wp\/v2\/users\/4340"}],"replies":[{"embeddable":true,"href":"https:\/\/blog.cancaonova.com\/paisecatequistas\/wp-json\/wp\/v2\/comments?post=15765"}],"version-history":[{"count":4,"href":"https:\/\/blog.cancaonova.com\/paisecatequistas\/wp-json\/wp\/v2\/posts\/15765\/revisions"}],"predecessor-version":[{"id":15776,"href":"https:\/\/blog.cancaonova.com\/paisecatequistas\/wp-json\/wp\/v2\/posts\/15765\/revisions\/15776"}],"wp:featuredmedia":[{"embeddable":true,"href":"https:\/\/blog.cancaonova.com\/paisecatequistas\/wp-json\/wp\/v2\/media\/15767"}],"wp:attachment":[{"href":"https:\/\/blog.cancaonova.com\/paisecatequistas\/wp-json\/wp\/v2\/media?parent=15765"}],"wp:term":[{"taxonomy":"category","embeddable":true,"href":"https:\/\/blog.cancaonova.com\/paisecatequistas\/wp-json\/wp\/v2\/categories?post=15765"},{"taxonomy":"post_tag","embeddable":true,"href":"https:\/\/blog.cancaonova.com\/paisecatequistas\/wp-json\/wp\/v2\/tags?post=15765"}],"curies":[{"name":"wp","href":"https:\/\/api.w.org\/{rel}","templated":true}]}}