{"id":15787,"date":"2024-03-19T00:00:06","date_gmt":"2024-03-19T02:00:06","guid":{"rendered":"http:\/\/blog.cancaonova.com\/paisecatequistas\/?p=15787"},"modified":"2026-03-30T15:22:12","modified_gmt":"2026-03-30T17:22:12","slug":"confessar-e-preciso","status":"publish","type":"post","link":"https:\/\/blog.cancaonova.com\/paisecatequistas\/confessar-e-preciso\/","title":{"rendered":"Confessar \u00e9 preciso"},"content":{"rendered":"<p>Voc\u00ea sabia que o pecado \u00e9 um mal terr\u00edvel, pois ele nos afasta de Deus?<\/p>\n<p>Com este v\u00eddeo, Bia nos explica, direitinho, o que acontece quando voltamos \u00e0 nossa amizade com Deus atrav\u00e9s do sacramento da confiss\u00e3o.<\/p>\n<p><iframe loading=\"lazy\" title=\"Clubinho do Jonas | Confiss\u00c3\u00a3o\" width=\"600\" height=\"338\" src=\"https:\/\/www.youtube.com\/embed\/PikciB6v50c?feature=oembed&amp;rel=0\" frameborder=\"0\" allow=\"accelerometer; autoplay; clipboard-write; encrypted-media; gyroscope; picture-in-picture; web-share\" referrerpolicy=\"strict-origin-when-cross-origin\" allowfullscreen><\/iframe><\/p>\n<p>&nbsp;<\/p>\n","protected":false},"excerpt":{"rendered":"<p>Voc\u00ea sabia que a o pecado \u00e9 um mal terr\u00edvel pois ele nos afasta de Deus?<\/p>\n<p>Com esse v\u00eddeo a Bia\u00a0 nos explica direitinho o que acontece quando voltar a amizade com Deus atrav\u00e9s do sacramento da confiss\u00e3o.<\/p>\n<p> <a href=\"https:\/\/blog.cancaonova.com\/paisecatequistas\/confessar-e-preciso\/\">Continue lendo <span class=\"meta-nav\">&rarr;<\/span><\/a><\/p>\n","protected":false},"author":4340,"featured_media":16746,"comment_status":"closed","ping_status":"closed","sticky":false,"template":"","format":"standard","meta":{"_mi_skip_tracking":false,"_monsterinsights_sitenote_active":false,"_monsterinsights_sitenote_note":"","_monsterinsights_sitenote_category":0,"footnotes":""},"categories":[200710],"tags":[16061,11521],"_links":{"self":[{"href":"https:\/\/blog.cancaonova.com\/paisecatequistas\/wp-json\/wp\/v2\/posts\/15787"}],"collection":[{"href":"https:\/\/blog.cancaonova.com\/paisecatequistas\/wp-json\/wp\/v2\/posts"}],"about":[{"href":"https:\/\/blog.cancaonova.com\/paisecatequistas\/wp-json\/wp\/v2\/types\/post"}],"author":[{"embeddable":true,"href":"https:\/\/blog.cancaonova.com\/paisecatequistas\/wp-json\/wp\/v2\/users\/4340"}],"replies":[{"embeddable":true,"href":"https:\/\/blog.cancaonova.com\/paisecatequistas\/wp-json\/wp\/v2\/comments?post=15787"}],"version-history":[{"count":7,"href":"https:\/\/blog.cancaonova.com\/paisecatequistas\/wp-json\/wp\/v2\/posts\/15787\/revisions"}],"predecessor-version":[{"id":20282,"href":"https:\/\/blog.cancaonova.com\/paisecatequistas\/wp-json\/wp\/v2\/posts\/15787\/revisions\/20282"}],"wp:featuredmedia":[{"embeddable":true,"href":"https:\/\/blog.cancaonova.com\/paisecatequistas\/wp-json\/wp\/v2\/media\/16746"}],"wp:attachment":[{"href":"https:\/\/blog.cancaonova.com\/paisecatequistas\/wp-json\/wp\/v2\/media?parent=15787"}],"wp:term":[{"taxonomy":"category","embeddable":true,"href":"https:\/\/blog.cancaonova.com\/paisecatequistas\/wp-json\/wp\/v2\/categories?post=15787"},{"taxonomy":"post_tag","embeddable":true,"href":"https:\/\/blog.cancaonova.com\/paisecatequistas\/wp-json\/wp\/v2\/tags?post=15787"}],"curies":[{"name":"wp","href":"https:\/\/api.w.org\/{rel}","templated":true}]}}