{"id":15794,"date":"2023-12-29T00:00:45","date_gmt":"2023-12-29T02:00:45","guid":{"rendered":"http:\/\/blog.cancaonova.com\/paisecatequistas\/?p=15794"},"modified":"2025-10-28T11:40:50","modified_gmt":"2025-10-28T13:40:50","slug":"clipe-sede-santos","status":"publish","type":"post","link":"https:\/\/blog.cancaonova.com\/paisecatequistas\/clipe-sede-santos\/","title":{"rendered":"Um Som que vem do C\u00e9u"},"content":{"rendered":"<p>H\u00e1 um som que vem do C\u00e9u, e nos chama \u00e0 ser Santos!<\/p>\n<p>Sarah Sabar\u00e1 e os <a href=\"https:\/\/www.instagram.com\/sentinelasoficial_\/\">Sentinelas<\/a> levam a cada crian\u00e7a este lindo convite de Deus:<strong> &#8220;Sede Santos como vosso Pai Celeste \u00e9 Santo&#8221;<\/strong> (MT 5,48).<\/p>\n<p><iframe loading=\"lazy\" title=\"Sede Santos  | Sarah Sabar\u00c3\u00a1 feat. Sentinelas (Clipe Oficial)\" width=\"600\" height=\"338\" src=\"https:\/\/www.youtube.com\/embed\/NHcdLLxz330?feature=oembed&amp;rel=0\" frameborder=\"0\" allow=\"accelerometer; autoplay; clipboard-write; encrypted-media; gyroscope; picture-in-picture; web-share\" referrerpolicy=\"strict-origin-when-cross-origin\" allowfullscreen><\/iframe><\/p>\n<p><strong>Sede Santos<\/strong> (letra)<\/p>\n<p><em>Jesus me chamou para ser santo<\/em><br \/>\n<em>Ouvi Sua voz Dizendo \u201cVem!\u201d<\/em><br \/>\n<em>Ele me enviou o Seu esp\u00edrito<\/em><br \/>\n<em>Me deu todos seus dons pra me ajudar.<\/em><\/p>\n<p><em>E a f\u00e9 vai me guiar<\/em><br \/>\n<em>Sabedoria pra caminhar<\/em><br \/>\n<em>Fortaleza para agir<\/em><br \/>\n<em>E o temor pra te escutar.<\/em><\/p>\n<p><em>N\u00e3o vou deixar nenhum pecado me impedir de ser (2x)<\/em><\/p>\n<p><em>Santo, Santo <\/em><br \/>\n<em>de ser Santo<\/em><br \/>\n<em>Santo, Santo<\/em><\/p>\n<p><em>Todos chamados s\u00e3o para ser santos<\/em><br \/>\n<em>Mas poucos escolhidos v\u00eam<\/em><br \/>\n<em>Ele me enviou o Seu esp\u00edrito<\/em><br \/>\n<em>Me deu todos seus dons pra me ajudar.<\/em><\/p>\n<p><em>E a f\u00e9 vai me guiar<\/em><br \/>\n<em>Piedade para amar<\/em><br \/>\n<em>Entendimento pra compreender<\/em><br \/>\n<em>E o Conselho pra te buscar.<\/em><\/p>\n<p><em>N\u00e3o vou deixar nenhum pecado me impedir de ser (2x)<\/em><\/p>\n<p><em>Santo, Santo <\/em><br \/>\n<em>de ser Santo<\/em><br \/>\n<em>Santo, Santo<\/em><\/p>\n<p><em>Santo, Santo <\/em><br \/>\n<em>Sede Santo<\/em><br \/>\n<em>Santo, Santo.<\/em><\/p>\n<p>&nbsp;<\/p>\n<p>&nbsp;<\/p>\n<p>&nbsp;<\/p>\n","protected":false},"excerpt":{"rendered":"<p>O Dia da Festa de Todos os Santos est\u00e1 chegando, e o presente quem ganha \u00e9 voc\u00ea!<\/p>\n<p>Sarah Sabar\u00e1 e os Sentinelas levam a cada crian\u00e7a este lindo convite de Deus: &#8220;Sede Santos como vosso pai celeste \u00e9 santo&#8221; (MT 5,48).<\/p>\n<p>Nosso clipe Sede Santos\u00a0 \u201csaindo do forno\u201d!<br \/>\nEstamos superfelizes com este lan\u00e7amento! <a href=\"https:\/\/blog.cancaonova.com\/paisecatequistas\/clipe-sede-santos\/\">Continue lendo <span class=\"meta-nav\">&rarr;<\/span><\/a><\/p>\n","protected":false},"author":4340,"featured_media":16517,"comment_status":"closed","ping_status":"closed","sticky":false,"template":"","format":"standard","meta":{"_mi_skip_tracking":false,"_monsterinsights_sitenote_active":false,"_monsterinsights_sitenote_note":"","_monsterinsights_sitenote_category":0,"footnotes":""},"categories":[200710,1001],"tags":[16595,26984,26528,25768,17742,19413,201095,34929,80606],"_links":{"self":[{"href":"https:\/\/blog.cancaonova.com\/paisecatequistas\/wp-json\/wp\/v2\/posts\/15794"}],"collection":[{"href":"https:\/\/blog.cancaonova.com\/paisecatequistas\/wp-json\/wp\/v2\/posts"}],"about":[{"href":"https:\/\/blog.cancaonova.com\/paisecatequistas\/wp-json\/wp\/v2\/types\/post"}],"author":[{"embeddable":true,"href":"https:\/\/blog.cancaonova.com\/paisecatequistas\/wp-json\/wp\/v2\/users\/4340"}],"replies":[{"embeddable":true,"href":"https:\/\/blog.cancaonova.com\/paisecatequistas\/wp-json\/wp\/v2\/comments?post=15794"}],"version-history":[{"count":17,"href":"https:\/\/blog.cancaonova.com\/paisecatequistas\/wp-json\/wp\/v2\/posts\/15794\/revisions"}],"predecessor-version":[{"id":15800,"href":"https:\/\/blog.cancaonova.com\/paisecatequistas\/wp-json\/wp\/v2\/posts\/15794\/revisions\/15800"}],"wp:featuredmedia":[{"embeddable":true,"href":"https:\/\/blog.cancaonova.com\/paisecatequistas\/wp-json\/wp\/v2\/media\/16517"}],"wp:attachment":[{"href":"https:\/\/blog.cancaonova.com\/paisecatequistas\/wp-json\/wp\/v2\/media?parent=15794"}],"wp:term":[{"taxonomy":"category","embeddable":true,"href":"https:\/\/blog.cancaonova.com\/paisecatequistas\/wp-json\/wp\/v2\/categories?post=15794"},{"taxonomy":"post_tag","embeddable":true,"href":"https:\/\/blog.cancaonova.com\/paisecatequistas\/wp-json\/wp\/v2\/tags?post=15794"}],"curies":[{"name":"wp","href":"https:\/\/api.w.org\/{rel}","templated":true}]}}