{"id":15814,"date":"2023-11-06T11:20:18","date_gmt":"2023-11-06T13:20:18","guid":{"rendered":"http:\/\/blog.cancaonova.com\/paisecatequistas\/?p=15814"},"modified":"2023-11-06T11:45:14","modified_gmt":"2023-11-06T13:45:14","slug":"rainha-de-todos-os-santos","status":"publish","type":"post","link":"https:\/\/blog.cancaonova.com\/paisecatequistas\/rainha-de-todos-os-santos\/","title":{"rendered":"Rainha de todos os Santos!"},"content":{"rendered":"<p>Em novembro, a Revista Can\u00e7\u00e3o Nova Kids tem como tema principal:<em> Rainha de todos os Santos!<\/em><\/p>\n<p>Al\u00e9m disso, as crian\u00e7as aprender\u00e3o mais sobre Nossa Senhora da Provid\u00eancia. E, nesta edi\u00e7\u00e3o, Padre Jonas nos ensina o jeito pr\u00f3prio de vivermos a espiritualidade na Can\u00e7\u00e3o Nova.<\/p>\n<p>Por fim, n\u00e3o podem faltar os\u00a0ensinamentos do Catecismo, os jogos, as brincadeiras, os desenhos para colorir e, \u00e9 claro, a catequese com o Papa Francisco.<\/p>\n<p><iframe loading=\"lazy\" title=\"Revista Can\u00c3\u00a7\u00c3\u00a3o Nova Kids - Novembro 2023\" width=\"600\" height=\"338\" src=\"https:\/\/www.youtube.com\/embed\/nQSoiD0IzAw?feature=oembed&amp;rel=0\" frameborder=\"0\" allow=\"accelerometer; autoplay; clipboard-write; encrypted-media; gyroscope; picture-in-picture; web-share\" referrerpolicy=\"strict-origin-when-cross-origin\" allowfullscreen><\/iframe><\/p>\n<p>Um conte\u00fado especial que diverte e evangeliza os pequeninos.<\/p>\n<p>Clique na revista abaixo para ter uma pr\u00e9via da revista deste m\u00eas.<\/p>\n<p><a href=\"https:\/\/img.cancaonova.com\/cnimages\/canais\/uploads\/sites\/12\/2023\/10\/Revista-Kids-Novembro-2023.pdf\"><img loading=\"lazy\" decoding=\"async\" class=\"size-full wp-image-15817 alignnone\" src=\"http:\/\/blog.cancaonova.com\/paisecatequistas\/files\/2023\/11\/Captura-de-tela-2023-11-06-100918.jpg\" alt=\"\" width=\"437\" height=\"650\" srcset=\"https:\/\/blog.cancaonova.com\/paisecatequistas\/files\/2023\/11\/Captura-de-tela-2023-11-06-100918.jpg 437w, https:\/\/blog.cancaonova.com\/paisecatequistas\/files\/2023\/11\/Captura-de-tela-2023-11-06-100918-202x300.jpg 202w\" sizes=\"(max-width: 437px) 100vw, 437px\" \/><\/a><\/p>\n","protected":false},"excerpt":{"rendered":"<p>Em novembro, a Revista Can\u00e7\u00e3o Nova Kids tem como tema principal: Rainha de todos os Santos!<\/p>\n<p>Al\u00e9m disso, as crian\u00e7as aprender\u00e3o mais sobre Nossa Senhora da Provid\u00eancia. E, nesta edi\u00e7\u00e3o, Padre Jonas ensina o jeito pr\u00f3prio de vivermos a espiritualidade na Can\u00e7\u00e3o Nova.<\/p>\n<p>Por fim, n\u00e3o podem faltar os\u00a0ensinamentos do Catecismo, os jogos, as brincadeiras, os desenhos para colorir e, \u00e9 claro, a catequese com o Papa Francisco. <a href=\"https:\/\/blog.cancaonova.com\/paisecatequistas\/rainha-de-todos-os-santos\/\">Continue lendo <span class=\"meta-nav\">&rarr;<\/span><\/a><\/p>\n","protected":false},"author":4340,"featured_media":15818,"comment_status":"open","ping_status":"open","sticky":false,"template":"","format":"standard","meta":{"_mi_skip_tracking":false,"_monsterinsights_sitenote_active":false,"_monsterinsights_sitenote_note":"","_monsterinsights_sitenote_category":0,"footnotes":""},"categories":[1],"tags":[],"_links":{"self":[{"href":"https:\/\/blog.cancaonova.com\/paisecatequistas\/wp-json\/wp\/v2\/posts\/15814"}],"collection":[{"href":"https:\/\/blog.cancaonova.com\/paisecatequistas\/wp-json\/wp\/v2\/posts"}],"about":[{"href":"https:\/\/blog.cancaonova.com\/paisecatequistas\/wp-json\/wp\/v2\/types\/post"}],"author":[{"embeddable":true,"href":"https:\/\/blog.cancaonova.com\/paisecatequistas\/wp-json\/wp\/v2\/users\/4340"}],"replies":[{"embeddable":true,"href":"https:\/\/blog.cancaonova.com\/paisecatequistas\/wp-json\/wp\/v2\/comments?post=15814"}],"version-history":[{"count":3,"href":"https:\/\/blog.cancaonova.com\/paisecatequistas\/wp-json\/wp\/v2\/posts\/15814\/revisions"}],"predecessor-version":[{"id":15822,"href":"https:\/\/blog.cancaonova.com\/paisecatequistas\/wp-json\/wp\/v2\/posts\/15814\/revisions\/15822"}],"wp:featuredmedia":[{"embeddable":true,"href":"https:\/\/blog.cancaonova.com\/paisecatequistas\/wp-json\/wp\/v2\/media\/15818"}],"wp:attachment":[{"href":"https:\/\/blog.cancaonova.com\/paisecatequistas\/wp-json\/wp\/v2\/media?parent=15814"}],"wp:term":[{"taxonomy":"category","embeddable":true,"href":"https:\/\/blog.cancaonova.com\/paisecatequistas\/wp-json\/wp\/v2\/categories?post=15814"},{"taxonomy":"post_tag","embeddable":true,"href":"https:\/\/blog.cancaonova.com\/paisecatequistas\/wp-json\/wp\/v2\/tags?post=15814"}],"curies":[{"name":"wp","href":"https:\/\/api.w.org\/{rel}","templated":true}]}}