{"id":15897,"date":"2023-11-21T09:44:13","date_gmt":"2023-11-21T11:44:13","guid":{"rendered":"http:\/\/blog.cancaonova.com\/paisecatequistas\/?p=15897"},"modified":"2023-11-21T11:11:34","modified_gmt":"2023-11-21T13:11:34","slug":"festa-da-apresentacao-de-nossa-senhora-no-templo","status":"publish","type":"post","link":"https:\/\/blog.cancaonova.com\/paisecatequistas\/festa-da-apresentacao-de-nossa-senhora-no-templo\/","title":{"rendered":"Festa da Apresenta\u00e7\u00e3o de Nossa Senhora no Templo"},"content":{"rendered":"<p>Nossa Senhora, aos tr\u00eas anos de idade, foi levada por seus pais, S\u00e3o Joaquim e Santa Ana, para, ali, ficar para ser educada na f\u00e9 e no amor de Deus.<a href=\"http:\/\/blog.cancaonova.com\/paisecatequistas\/files\/2023\/11\/catequese-apresenta\u00e7\u00e3o.png\"><img loading=\"lazy\" decoding=\"async\" class=\" wp-image-15898 alignnone\" src=\"http:\/\/blog.cancaonova.com\/paisecatequistas\/files\/2023\/11\/catequese-apresenta\u00e7\u00e3o.png\" alt=\"\" width=\"1176\" height=\"1663\" srcset=\"https:\/\/blog.cancaonova.com\/paisecatequistas\/files\/2023\/11\/catequese-apresenta\u00e7\u00e3o.png 1414w, https:\/\/blog.cancaonova.com\/paisecatequistas\/files\/2023\/11\/catequese-apresenta\u00e7\u00e3o-212x300.png 212w, https:\/\/blog.cancaonova.com\/paisecatequistas\/files\/2023\/11\/catequese-apresenta\u00e7\u00e3o-768x1086.png 768w\" sizes=\"(max-width: 1176px) 100vw, 1176px\" \/><\/a><\/p>\n<p>Vamos Colorir (clique para imprimir)<\/p>\n<p><a href=\"http:\/\/blog.cancaonova.com\/paisecatequistas\/files\/2023\/11\/apresenta\u00e7\u00e3o-para-colorir.pdf\"><img loading=\"lazy\" decoding=\"async\" class=\"wp-image-15899 alignnone\" src=\"http:\/\/blog.cancaonova.com\/paisecatequistas\/files\/2023\/11\/apresenta\u00e7\u00e3o-para-colorir.jpg\" alt=\"\" width=\"1250\" height=\"1768\" srcset=\"https:\/\/blog.cancaonova.com\/paisecatequistas\/files\/2023\/11\/apresenta\u00e7\u00e3o-para-colorir.jpg 1414w, https:\/\/blog.cancaonova.com\/paisecatequistas\/files\/2023\/11\/apresenta\u00e7\u00e3o-para-colorir-212x300.jpg 212w, https:\/\/blog.cancaonova.com\/paisecatequistas\/files\/2023\/11\/apresenta\u00e7\u00e3o-para-colorir-768x1086.jpg 768w\" sizes=\"(max-width: 1250px) 100vw, 1250px\" \/><\/a><\/p>\n<p>&nbsp;<\/p>\n<p>&nbsp;<\/p>\n<p>&nbsp;<\/p>\n<p>&nbsp;<\/p>\n","protected":false},"excerpt":{"rendered":"<p>Nossa Senhora aos tr\u00eas anos\u00a0foi levada por seus pais, S\u00e3o Joaquim e Santa Ana\u00a0 para ali ficar para ser educada na f\u00e9 e no amor de Deus. <a href=\"https:\/\/blog.cancaonova.com\/paisecatequistas\/festa-da-apresentacao-de-nossa-senhora-no-templo\/\">Continue lendo <span class=\"meta-nav\">&rarr;<\/span><\/a><\/p>\n","protected":false},"author":4340,"featured_media":15904,"comment_status":"open","ping_status":"open","sticky":false,"template":"","format":"standard","meta":{"_mi_skip_tracking":false,"_monsterinsights_sitenote_active":false,"_monsterinsights_sitenote_note":"","_monsterinsights_sitenote_category":0,"footnotes":""},"categories":[1],"tags":[],"_links":{"self":[{"href":"https:\/\/blog.cancaonova.com\/paisecatequistas\/wp-json\/wp\/v2\/posts\/15897"}],"collection":[{"href":"https:\/\/blog.cancaonova.com\/paisecatequistas\/wp-json\/wp\/v2\/posts"}],"about":[{"href":"https:\/\/blog.cancaonova.com\/paisecatequistas\/wp-json\/wp\/v2\/types\/post"}],"author":[{"embeddable":true,"href":"https:\/\/blog.cancaonova.com\/paisecatequistas\/wp-json\/wp\/v2\/users\/4340"}],"replies":[{"embeddable":true,"href":"https:\/\/blog.cancaonova.com\/paisecatequistas\/wp-json\/wp\/v2\/comments?post=15897"}],"version-history":[{"count":4,"href":"https:\/\/blog.cancaonova.com\/paisecatequistas\/wp-json\/wp\/v2\/posts\/15897\/revisions"}],"predecessor-version":[{"id":15908,"href":"https:\/\/blog.cancaonova.com\/paisecatequistas\/wp-json\/wp\/v2\/posts\/15897\/revisions\/15908"}],"wp:featuredmedia":[{"embeddable":true,"href":"https:\/\/blog.cancaonova.com\/paisecatequistas\/wp-json\/wp\/v2\/media\/15904"}],"wp:attachment":[{"href":"https:\/\/blog.cancaonova.com\/paisecatequistas\/wp-json\/wp\/v2\/media?parent=15897"}],"wp:term":[{"taxonomy":"category","embeddable":true,"href":"https:\/\/blog.cancaonova.com\/paisecatequistas\/wp-json\/wp\/v2\/categories?post=15897"},{"taxonomy":"post_tag","embeddable":true,"href":"https:\/\/blog.cancaonova.com\/paisecatequistas\/wp-json\/wp\/v2\/tags?post=15897"}],"curies":[{"name":"wp","href":"https:\/\/api.w.org\/{rel}","templated":true}]}}