{"id":15924,"date":"2023-11-23T12:22:29","date_gmt":"2023-11-23T14:22:29","guid":{"rendered":"http:\/\/blog.cancaonova.com\/paisecatequistas\/?p=15924"},"modified":"2023-11-23T15:02:55","modified_gmt":"2023-11-23T17:02:55","slug":"cancao-de-padre-jonas-abib","status":"publish","type":"post","link":"https:\/\/blog.cancaonova.com\/paisecatequistas\/cancao-de-padre-jonas-abib\/","title":{"rendered":"A Can\u00e7\u00e3o de Padre Jonas Abib"},"content":{"rendered":"<p>A Can\u00e7\u00e3o do Padre Jonas Abib \u00e9 um cantinho de amor e adora\u00e7\u00e3o!<\/p>\n<p>Com um cora\u00e7\u00e3o de crian\u00e7a, queremos cantar a mesma Can\u00e7\u00e3o Nova que ele nos ensinou: a can\u00e7\u00e3o da santidade!<\/p>\n<p><iframe loading=\"lazy\" title=\"A Can\u00c3\u00a7\u00c3\u00a3o de Padre Jonas Abib\" width=\"600\" height=\"338\" src=\"https:\/\/www.youtube.com\/embed\/8G5UYREvAG8?feature=oembed&amp;rel=0\" frameborder=\"0\" allow=\"accelerometer; autoplay; clipboard-write; encrypted-media; gyroscope; picture-in-picture; web-share\" referrerpolicy=\"strict-origin-when-cross-origin\" allowfullscreen><\/iframe><\/p>\n","protected":false},"excerpt":{"rendered":"<p>A Can\u00e7\u00e3o do Padre Jonas Abib \u00e9 um cantinho de amor e adora\u00e7\u00e3o! Com um cora\u00e7\u00e3o de crian\u00e7a, queremos cantar a mesma Can\u00e7\u00e3o Nova que ele nos ensinou: a can\u00e7\u00e3o da santidade!<\/p>\n","protected":false},"author":4340,"featured_media":15925,"comment_status":"open","ping_status":"open","sticky":false,"template":"","format":"standard","meta":{"_mi_skip_tracking":false,"_monsterinsights_sitenote_active":false,"_monsterinsights_sitenote_note":"","_monsterinsights_sitenote_category":0,"footnotes":""},"categories":[1],"tags":[],"_links":{"self":[{"href":"https:\/\/blog.cancaonova.com\/paisecatequistas\/wp-json\/wp\/v2\/posts\/15924"}],"collection":[{"href":"https:\/\/blog.cancaonova.com\/paisecatequistas\/wp-json\/wp\/v2\/posts"}],"about":[{"href":"https:\/\/blog.cancaonova.com\/paisecatequistas\/wp-json\/wp\/v2\/types\/post"}],"author":[{"embeddable":true,"href":"https:\/\/blog.cancaonova.com\/paisecatequistas\/wp-json\/wp\/v2\/users\/4340"}],"replies":[{"embeddable":true,"href":"https:\/\/blog.cancaonova.com\/paisecatequistas\/wp-json\/wp\/v2\/comments?post=15924"}],"version-history":[{"count":3,"href":"https:\/\/blog.cancaonova.com\/paisecatequistas\/wp-json\/wp\/v2\/posts\/15924\/revisions"}],"predecessor-version":[{"id":15935,"href":"https:\/\/blog.cancaonova.com\/paisecatequistas\/wp-json\/wp\/v2\/posts\/15924\/revisions\/15935"}],"wp:featuredmedia":[{"embeddable":true,"href":"https:\/\/blog.cancaonova.com\/paisecatequistas\/wp-json\/wp\/v2\/media\/15925"}],"wp:attachment":[{"href":"https:\/\/blog.cancaonova.com\/paisecatequistas\/wp-json\/wp\/v2\/media?parent=15924"}],"wp:term":[{"taxonomy":"category","embeddable":true,"href":"https:\/\/blog.cancaonova.com\/paisecatequistas\/wp-json\/wp\/v2\/categories?post=15924"},{"taxonomy":"post_tag","embeddable":true,"href":"https:\/\/blog.cancaonova.com\/paisecatequistas\/wp-json\/wp\/v2\/tags?post=15924"}],"curies":[{"name":"wp","href":"https:\/\/api.w.org\/{rel}","templated":true}]}}