{"id":1595,"date":"2014-02-14T08:00:32","date_gmt":"2014-02-14T10:00:32","guid":{"rendered":"http:\/\/blog.cancaonova.com\/paisecatequistas\/?p=1595"},"modified":"2014-02-10T09:22:43","modified_gmt":"2014-02-10T11:22:43","slug":"oracaoespiritosant","status":"publish","type":"post","link":"https:\/\/blog.cancaonova.com\/paisecatequistas\/oracaoespiritosant\/","title":{"rendered":"Ora\u00e7\u00e3o da crian\u00e7a ao Esp\u00edrito Santo"},"content":{"rendered":"<p><span style=\"color: #a25b1f;font-weight: bold;text-align: justify\">Vamos rezar juntos essa ora\u00e7\u00e3o!<br \/>\nVem, Esp\u00edrito Santo<\/span><\/p>\n<h3 style=\"text-align: justify\"><span style=\"color: #a25b1f\">Enche os nossos cora\u00e7\u00f5es,<br \/>\ncom teus raios de luz,<br \/>\ncom teus 7 dons!<\/span><\/h3>\n<h4 style=\"text-align: justify\"><strong><span style=\"color: #a25b1f\">Precisamos de SABEDORIA<br \/>\nque nos leva a ser prudentes;<br \/>\no justo conhecimento<br \/>\nem todo o julgamento<\/span><\/strong><\/h4>\n<h4 style=\"text-align: justify\"><strong><span style=\"color: #a25b1f\">Precisamos de ENTENDIMENTO<br \/>\npara a gente conhecer;<br \/>\nas pessoas que nos cercam<br \/>\nos bons e os maus compreender;<\/span><\/strong><\/h4>\n<h4 style=\"text-align: justify\"><strong><span style=\"color: #a25b1f\">Precisamos do CONSELHO<br \/>\npara todos ajudar,<br \/>\ncom ju\u00edzo e opini\u00e3o,<br \/>\nsem nunca atrapalhar;<\/span><\/strong><\/h4>\n<h4 style=\"text-align: justify\"><strong><span style=\"color: #a25b1f\">Precisamos de FORTALEZA,<br \/>\nqualidade de gente forte.<br \/>\nSe n\u00f3s formos sempre firmes<br \/>\nVenceremos at\u00e9 a morte;<\/span><\/strong><\/h4>\n<h4 style=\"text-align: justify\"><strong><span style=\"color: #a25b1f\">Precisamos de CI\u00caNCIA<br \/>\nque nos d\u00e1 a medita\u00e7\u00e3o;<br \/>\nque nos d\u00e1 a leitura;<br \/>\nque nos d\u00e1 a observa\u00e7\u00e3o;<\/span><\/strong><\/h4>\n<h4 style=\"text-align: justify\"><strong><span style=\"color: #a25b1f\">Precisamos de PIEDADE;<br \/>\nter pena daqueles que choram,<br \/>\nter compaix\u00e3o e amor<br \/>\ndos que de Jesus se isolam;<\/span><\/strong><\/h4>\n<h4 style=\"text-align: justify\"><strong><span style=\"color: #a25b1f\">TEMOR A DEUS , precisamos<br \/>\npra n\u00e3o fazer coisa errada;<br \/>\nTEMOR A DEUS nos ajuda<br \/>\nem toda longa caminhada.<\/span><\/strong><\/h4>\n<h4 style=\"text-align: justify\"><strong><span style=\"color: #a25b1f\">TODOS:<\/span><\/strong><\/h4>\n<h4 style=\"text-align: justify\"><strong><span style=\"color: #a25b1f\">Vem, Esp\u00edrito Santo<br \/>\nenche os nossos cora\u00e7\u00f5es,<br \/>\ncom teus raios de luz,<br \/>\ncom teus 7 dons!<\/span><\/strong><\/h4>\n<p><a href=\"http:\/\/ninosdacatequese.blogspot.com\/2009\/05\/vem-espirito-santo-enche-os-nossos.html\" target=\"_blank\">\u00a0<\/a><\/p>\n","protected":false},"excerpt":{"rendered":"<p>Vamos rezar juntos essa ora\u00e7\u00e3o! Vem, Esp\u00edrito Santo Enche os nossos cora\u00e7\u00f5es, com teus raios de luz, com teus 7 dons! Precisamos de SABEDORIA que nos leva a ser prudentes; o justo conhecimento em todo o julgamento Precisamos de ENTENDIMENTO&#8230;<\/p>\n","protected":false},"author":4340,"featured_media":0,"comment_status":"open","ping_status":"open","sticky":false,"template":"","format":"standard","meta":{"_mi_skip_tracking":false,"_monsterinsights_sitenote_active":false,"_monsterinsights_sitenote_note":"","_monsterinsights_sitenote_category":0,"footnotes":""},"categories":[23],"tags":[8001,18689,261,7761],"_links":{"self":[{"href":"https:\/\/blog.cancaonova.com\/paisecatequistas\/wp-json\/wp\/v2\/posts\/1595"}],"collection":[{"href":"https:\/\/blog.cancaonova.com\/paisecatequistas\/wp-json\/wp\/v2\/posts"}],"about":[{"href":"https:\/\/blog.cancaonova.com\/paisecatequistas\/wp-json\/wp\/v2\/types\/post"}],"author":[{"embeddable":true,"href":"https:\/\/blog.cancaonova.com\/paisecatequistas\/wp-json\/wp\/v2\/users\/4340"}],"replies":[{"embeddable":true,"href":"https:\/\/blog.cancaonova.com\/paisecatequistas\/wp-json\/wp\/v2\/comments?post=1595"}],"version-history":[{"count":10,"href":"https:\/\/blog.cancaonova.com\/paisecatequistas\/wp-json\/wp\/v2\/posts\/1595\/revisions"}],"predecessor-version":[{"id":6636,"href":"https:\/\/blog.cancaonova.com\/paisecatequistas\/wp-json\/wp\/v2\/posts\/1595\/revisions\/6636"}],"wp:attachment":[{"href":"https:\/\/blog.cancaonova.com\/paisecatequistas\/wp-json\/wp\/v2\/media?parent=1595"}],"wp:term":[{"taxonomy":"category","embeddable":true,"href":"https:\/\/blog.cancaonova.com\/paisecatequistas\/wp-json\/wp\/v2\/categories?post=1595"},{"taxonomy":"post_tag","embeddable":true,"href":"https:\/\/blog.cancaonova.com\/paisecatequistas\/wp-json\/wp\/v2\/tags?post=1595"}],"curies":[{"name":"wp","href":"https:\/\/api.w.org\/{rel}","templated":true}]}}