{"id":15982,"date":"2023-11-30T11:29:58","date_gmt":"2023-11-30T13:29:58","guid":{"rendered":"http:\/\/blog.cancaonova.com\/paisecatequistas\/?p=15982"},"modified":"2023-12-01T11:26:33","modified_gmt":"2023-12-01T13:26:33","slug":"o-homem-novo-diz-vem-senhor-jesus","status":"publish","type":"post","link":"https:\/\/blog.cancaonova.com\/paisecatequistas\/o-homem-novo-diz-vem-senhor-jesus\/","title":{"rendered":"O homem novo diz: \"Vem, Senhor Jesus!\""},"content":{"rendered":"<p>Tudo o que a Can\u00e7\u00e3o Nova faz tem como objetivo \u201cFormar homens novos para um mundo novo\u201d. Este \u201cMundo Novo\u201d \u00e9 o que vir\u00e1 com a segunda vinda de Jesus. Foi por isso que Deus criou a Can\u00e7\u00e3o Nova; o fim dos tempos est\u00e1 chegando e o Senhor nos criou para preparar o povo para a 2\u00aa vinda d&#8217;Ele!<\/p>\n<p><a href=\"http:\/\/blog.cancaonova.com\/paisecatequistas\/files\/2023\/11\/ALBUM-2.png\"><img loading=\"lazy\" decoding=\"async\" class=\" wp-image-15986 alignnone\" src=\"http:\/\/blog.cancaonova.com\/paisecatequistas\/files\/2023\/11\/ALBUM-2.png\" alt=\"\" width=\"1279\" height=\"852\" srcset=\"https:\/\/blog.cancaonova.com\/paisecatequistas\/files\/2023\/11\/ALBUM-2.png 900w, https:\/\/blog.cancaonova.com\/paisecatequistas\/files\/2023\/11\/ALBUM-2-300x200.png 300w, https:\/\/blog.cancaonova.com\/paisecatequistas\/files\/2023\/11\/ALBUM-2-768x512.png 768w\" sizes=\"(max-width: 1279px) 100vw, 1279px\" \/><\/a><\/p>\n<p><a href=\"http:\/\/blog.cancaonova.com\/paisecatequistas\/files\/2023\/11\/padrejonas.png\"><img loading=\"lazy\" decoding=\"async\" class=\"wp-image-15987 alignnone\" src=\"http:\/\/blog.cancaonova.com\/paisecatequistas\/files\/2023\/11\/padrejonas.png\" alt=\"\" width=\"1071\" height=\"1515\" srcset=\"https:\/\/blog.cancaonova.com\/paisecatequistas\/files\/2023\/11\/padrejonas.png 1414w, https:\/\/blog.cancaonova.com\/paisecatequistas\/files\/2023\/11\/padrejonas-212x300.png 212w, https:\/\/blog.cancaonova.com\/paisecatequistas\/files\/2023\/11\/padrejonas-768x1086.png 768w\" sizes=\"(max-width: 1071px) 100vw, 1071px\" \/><\/a><\/p>\n","protected":false},"excerpt":{"rendered":"<p>Tudo o que a Can\u00e7\u00e3o Nova faz tem como objetivo \u201cFormar homens novos para um mundo novo\u201d. Esse \u201cMundo Novo\u201d \u00e9 o que vir\u00e1 com a segunda vinda de Jesus. Foi por isso que Deus criou a Can\u00e7\u00e3o Nova. O fim dos tempos est\u00e1 chegando e o Senhor nos criou para preparar o povo para a 2\u00aa vinda Dele! <a href=\"https:\/\/blog.cancaonova.com\/paisecatequistas\/o-homem-novo-diz-vem-senhor-jesus\/\">Continue lendo <span class=\"meta-nav\">&rarr;<\/span><\/a><\/p>\n","protected":false},"author":4340,"featured_media":16009,"comment_status":"open","ping_status":"open","sticky":false,"template":"","format":"standard","meta":{"_mi_skip_tracking":false,"_monsterinsights_sitenote_active":false,"_monsterinsights_sitenote_note":"","_monsterinsights_sitenote_category":0,"footnotes":""},"categories":[1],"tags":[],"_links":{"self":[{"href":"https:\/\/blog.cancaonova.com\/paisecatequistas\/wp-json\/wp\/v2\/posts\/15982"}],"collection":[{"href":"https:\/\/blog.cancaonova.com\/paisecatequistas\/wp-json\/wp\/v2\/posts"}],"about":[{"href":"https:\/\/blog.cancaonova.com\/paisecatequistas\/wp-json\/wp\/v2\/types\/post"}],"author":[{"embeddable":true,"href":"https:\/\/blog.cancaonova.com\/paisecatequistas\/wp-json\/wp\/v2\/users\/4340"}],"replies":[{"embeddable":true,"href":"https:\/\/blog.cancaonova.com\/paisecatequistas\/wp-json\/wp\/v2\/comments?post=15982"}],"version-history":[{"count":4,"href":"https:\/\/blog.cancaonova.com\/paisecatequistas\/wp-json\/wp\/v2\/posts\/15982\/revisions"}],"predecessor-version":[{"id":16010,"href":"https:\/\/blog.cancaonova.com\/paisecatequistas\/wp-json\/wp\/v2\/posts\/15982\/revisions\/16010"}],"wp:featuredmedia":[{"embeddable":true,"href":"https:\/\/blog.cancaonova.com\/paisecatequistas\/wp-json\/wp\/v2\/media\/16009"}],"wp:attachment":[{"href":"https:\/\/blog.cancaonova.com\/paisecatequistas\/wp-json\/wp\/v2\/media?parent=15982"}],"wp:term":[{"taxonomy":"category","embeddable":true,"href":"https:\/\/blog.cancaonova.com\/paisecatequistas\/wp-json\/wp\/v2\/categories?post=15982"},{"taxonomy":"post_tag","embeddable":true,"href":"https:\/\/blog.cancaonova.com\/paisecatequistas\/wp-json\/wp\/v2\/tags?post=15982"}],"curies":[{"name":"wp","href":"https:\/\/api.w.org\/{rel}","templated":true}]}}