{"id":16013,"date":"2023-12-01T15:11:12","date_gmt":"2023-12-01T17:11:12","guid":{"rendered":"http:\/\/blog.cancaonova.com\/paisecatequistas\/?p=16013"},"modified":"2024-11-27T13:10:01","modified_gmt":"2024-11-27T15:10:01","slug":"hq-velas-advento","status":"publish","type":"post","link":"https:\/\/blog.cancaonova.com\/paisecatequistas\/hq-velas-advento\/","title":{"rendered":"A cada domingo do Advento, uma vela se acende. Voc\u00ea sabe por qu\u00ea?"},"content":{"rendered":"<p>O Advento \u00e9 um tempo que nos prepara para o Natal de Jesus. Advento significa vinda.<\/p>\n<p>Vamos aprender mais com o Jonas, pois o Clubinho tamb\u00e9m se prepara para o Natal.<\/p>\n<p><a href=\"http:\/\/blog.cancaonova.com\/paisecatequistas\/files\/2023\/12\/hq1-1.jpg\"><img loading=\"lazy\" decoding=\"async\" class=\"size-full wp-image-18277 alignnone\" src=\"http:\/\/blog.cancaonova.com\/paisecatequistas\/files\/2023\/12\/hq1-1.jpg\" alt=\"\" width=\"1414\" height=\"2000\" srcset=\"https:\/\/blog.cancaonova.com\/paisecatequistas\/files\/2023\/12\/hq1-1.jpg 1414w, https:\/\/blog.cancaonova.com\/paisecatequistas\/files\/2023\/12\/hq1-1-212x300.jpg 212w, https:\/\/blog.cancaonova.com\/paisecatequistas\/files\/2023\/12\/hq1-1-768x1086.jpg 768w, https:\/\/blog.cancaonova.com\/paisecatequistas\/files\/2023\/12\/hq1-1-1086x1536.jpg 1086w\" sizes=\"(max-width: 1414px) 100vw, 1414px\" \/><\/a><\/p>\n<p><a href=\"http:\/\/blog.cancaonova.com\/paisecatequistas\/files\/2023\/12\/hq2.jpg\"><img loading=\"lazy\" decoding=\"async\" class=\"size-full wp-image-18278 alignnone\" src=\"http:\/\/blog.cancaonova.com\/paisecatequistas\/files\/2023\/12\/hq2.jpg\" alt=\"\" width=\"1414\" height=\"2000\" srcset=\"https:\/\/blog.cancaonova.com\/paisecatequistas\/files\/2023\/12\/hq2.jpg 1414w, https:\/\/blog.cancaonova.com\/paisecatequistas\/files\/2023\/12\/hq2-212x300.jpg 212w, https:\/\/blog.cancaonova.com\/paisecatequistas\/files\/2023\/12\/hq2-768x1086.jpg 768w, https:\/\/blog.cancaonova.com\/paisecatequistas\/files\/2023\/12\/hq2-1086x1536.jpg 1086w\" sizes=\"(max-width: 1414px) 100vw, 1414px\" \/><\/a><\/p>\n<p><a href=\"http:\/\/blog.cancaonova.com\/paisecatequistas\/files\/2023\/12\/3.jpg\"><img loading=\"lazy\" decoding=\"async\" class=\"size-full wp-image-16016 alignnone\" src=\"http:\/\/blog.cancaonova.com\/paisecatequistas\/files\/2023\/12\/3.jpg\" alt=\"\" width=\"1414\" height=\"2000\" srcset=\"https:\/\/blog.cancaonova.com\/paisecatequistas\/files\/2023\/12\/3.jpg 1414w, https:\/\/blog.cancaonova.com\/paisecatequistas\/files\/2023\/12\/3-212x300.jpg 212w, https:\/\/blog.cancaonova.com\/paisecatequistas\/files\/2023\/12\/3-768x1086.jpg 768w\" sizes=\"(max-width: 1414px) 100vw, 1414px\" \/><\/a><\/p>\n<div class=\"mceTemp\">\n<p><a style=\"font-size: 16px\" href=\"http:\/\/blog.cancaonova.com\/paisecatequistas\/files\/2023\/12\/4-1-1.jpg\"><img loading=\"lazy\" decoding=\"async\" class=\"alignright size-full wp-image-18280\" src=\"http:\/\/blog.cancaonova.com\/paisecatequistas\/files\/2023\/12\/4-1-1.jpg\" alt=\"\" width=\"1414\" height=\"2000\" srcset=\"https:\/\/blog.cancaonova.com\/paisecatequistas\/files\/2023\/12\/4-1-1.jpg 1414w, https:\/\/blog.cancaonova.com\/paisecatequistas\/files\/2023\/12\/4-1-1-212x300.jpg 212w, https:\/\/blog.cancaonova.com\/paisecatequistas\/files\/2023\/12\/4-1-1-768x1086.jpg 768w, https:\/\/blog.cancaonova.com\/paisecatequistas\/files\/2023\/12\/4-1-1-1086x1536.jpg 1086w\" sizes=\"(max-width: 1414px) 100vw, 1414px\" \/><\/a><\/p>\n<\/div>\n","protected":false},"excerpt":{"rendered":"<p>O Advento \u00e9 um tempo que nos prepara para o Natal de Jesus.<\/p>\n<p>Advento significa Vinda<\/p>\n<p>Vamos aprender mais com o Jonas , pois o Clubinho tamb\u00e9m se prepara para o Natal. <a href=\"https:\/\/blog.cancaonova.com\/paisecatequistas\/hq-velas-advento\/\">Continue lendo <span class=\"meta-nav\">&rarr;<\/span><\/a><\/p>\n","protected":false},"author":4340,"featured_media":16019,"comment_status":"closed","ping_status":"closed","sticky":false,"template":"","format":"standard","meta":{"_mi_skip_tracking":false,"_monsterinsights_sitenote_active":false,"_monsterinsights_sitenote_note":"","_monsterinsights_sitenote_category":0,"footnotes":""},"categories":[200710],"tags":[],"_links":{"self":[{"href":"https:\/\/blog.cancaonova.com\/paisecatequistas\/wp-json\/wp\/v2\/posts\/16013"}],"collection":[{"href":"https:\/\/blog.cancaonova.com\/paisecatequistas\/wp-json\/wp\/v2\/posts"}],"about":[{"href":"https:\/\/blog.cancaonova.com\/paisecatequistas\/wp-json\/wp\/v2\/types\/post"}],"author":[{"embeddable":true,"href":"https:\/\/blog.cancaonova.com\/paisecatequistas\/wp-json\/wp\/v2\/users\/4340"}],"replies":[{"embeddable":true,"href":"https:\/\/blog.cancaonova.com\/paisecatequistas\/wp-json\/wp\/v2\/comments?post=16013"}],"version-history":[{"count":14,"href":"https:\/\/blog.cancaonova.com\/paisecatequistas\/wp-json\/wp\/v2\/posts\/16013\/revisions"}],"predecessor-version":[{"id":18284,"href":"https:\/\/blog.cancaonova.com\/paisecatequistas\/wp-json\/wp\/v2\/posts\/16013\/revisions\/18284"}],"wp:featuredmedia":[{"embeddable":true,"href":"https:\/\/blog.cancaonova.com\/paisecatequistas\/wp-json\/wp\/v2\/media\/16019"}],"wp:attachment":[{"href":"https:\/\/blog.cancaonova.com\/paisecatequistas\/wp-json\/wp\/v2\/media?parent=16013"}],"wp:term":[{"taxonomy":"category","embeddable":true,"href":"https:\/\/blog.cancaonova.com\/paisecatequistas\/wp-json\/wp\/v2\/categories?post=16013"},{"taxonomy":"post_tag","embeddable":true,"href":"https:\/\/blog.cancaonova.com\/paisecatequistas\/wp-json\/wp\/v2\/tags?post=16013"}],"curies":[{"name":"wp","href":"https:\/\/api.w.org\/{rel}","templated":true}]}}