{"id":1602,"date":"2014-02-10T09:15:34","date_gmt":"2014-02-10T11:15:34","guid":{"rendered":"http:\/\/blog.cancaonova.com\/paisecatequistas\/?p=1602"},"modified":"2014-02-10T09:08:17","modified_gmt":"2014-02-10T11:08:17","slug":"todos-as-cores-foram-criadas-por-deus","status":"publish","type":"post","link":"https:\/\/blog.cancaonova.com\/paisecatequistas\/todos-as-cores-foram-criadas-por-deus\/","title":{"rendered":"Todos as cores foram criadas por Deus"},"content":{"rendered":"<p style=\"text-align: left\"><a href=\"http:\/\/blog.cancaonova.com\/paisecatequistas\/files\/2011\/01\/13c.png\"><img loading=\"lazy\" decoding=\"async\" class=\"alignnone size-full wp-image-1605\" alt=\"\" src=\"http:\/\/blog.cancaonova.com\/paisecatequistas\/files\/2011\/01\/13c.png\" width=\"393\" height=\"421\" \/><\/a><\/p>\n<h1 style=\"text-align: center\"><span style=\"color: #ff0000\"><a title=\"Teatro\" href=\"http:\/\/blog.cancaonova.com\/paisecatequistas\/files\/2011\/01\/as-cores-criadas-por-deus.doc\" target=\"_blank\">CLIQUE AQUI!<\/a><\/span><\/h1>\n<p style=\"text-align: center\">Estamos postando um sugest\u00e3o de teatro, na qual cada crian\u00e7a \u00e9 incentivada a valorizar o como Deus a criou.<\/p>\n<p style=\"text-align: justify\">Para voc\u00ea catequista refletir:<\/p>\n<h2 style=\"text-align: center\">A alma interior v\u00ea Deus em todas as coisas e aproveita para unir-se a Ele.<\/h2>\n<h2 style=\"text-align: center\">Fala pouco; as suas virtudes e suas a\u00e7\u00f5es falam por si mesmas. (Santa Bernadete)<\/h2>\n<p style=\"text-align: justify\">Deus aben\u00e7oe voc\u00ea!<\/p>\n<p style=\"text-align: justify\">Equipe Infanto Juvenil &#8211; Can\u00e7\u00e3o Nova<\/p>\n<p style=\"text-align: justify\">\n","protected":false},"excerpt":{"rendered":"<p>CLIQUE AQUI! Estamos postando um sugest\u00e3o de teatro, na qual cada crian\u00e7a \u00e9 incentivada a valorizar o como Deus a criou. Para voc\u00ea catequista refletir: A alma interior v\u00ea Deus em todas as coisas e aproveita para unir-se a Ele&#8230;.<\/p>\n","protected":false},"author":4340,"featured_media":0,"comment_status":"open","ping_status":"open","sticky":false,"template":"","format":"standard","meta":{"_mi_skip_tracking":false,"_monsterinsights_sitenote_active":false,"_monsterinsights_sitenote_note":"","_monsterinsights_sitenote_category":0,"footnotes":""},"categories":[16089],"tags":[16125,15975,96815,20454,16477,6681],"_links":{"self":[{"href":"https:\/\/blog.cancaonova.com\/paisecatequistas\/wp-json\/wp\/v2\/posts\/1602"}],"collection":[{"href":"https:\/\/blog.cancaonova.com\/paisecatequistas\/wp-json\/wp\/v2\/posts"}],"about":[{"href":"https:\/\/blog.cancaonova.com\/paisecatequistas\/wp-json\/wp\/v2\/types\/post"}],"author":[{"embeddable":true,"href":"https:\/\/blog.cancaonova.com\/paisecatequistas\/wp-json\/wp\/v2\/users\/4340"}],"replies":[{"embeddable":true,"href":"https:\/\/blog.cancaonova.com\/paisecatequistas\/wp-json\/wp\/v2\/comments?post=1602"}],"version-history":[{"count":10,"href":"https:\/\/blog.cancaonova.com\/paisecatequistas\/wp-json\/wp\/v2\/posts\/1602\/revisions"}],"predecessor-version":[{"id":6629,"href":"https:\/\/blog.cancaonova.com\/paisecatequistas\/wp-json\/wp\/v2\/posts\/1602\/revisions\/6629"}],"wp:attachment":[{"href":"https:\/\/blog.cancaonova.com\/paisecatequistas\/wp-json\/wp\/v2\/media?parent=1602"}],"wp:term":[{"taxonomy":"category","embeddable":true,"href":"https:\/\/blog.cancaonova.com\/paisecatequistas\/wp-json\/wp\/v2\/categories?post=1602"},{"taxonomy":"post_tag","embeddable":true,"href":"https:\/\/blog.cancaonova.com\/paisecatequistas\/wp-json\/wp\/v2\/tags?post=1602"}],"curies":[{"name":"wp","href":"https:\/\/api.w.org\/{rel}","templated":true}]}}