{"id":16032,"date":"2023-12-04T10:29:41","date_gmt":"2023-12-04T12:29:41","guid":{"rendered":"http:\/\/blog.cancaonova.com\/paisecatequistas\/?p=16032"},"modified":"2024-12-02T14:30:45","modified_gmt":"2024-12-02T16:30:45","slug":"por-que-montar-o-presepio-no-natal","status":"publish","type":"post","link":"https:\/\/blog.cancaonova.com\/paisecatequistas\/por-que-montar-o-presepio-no-natal\/","title":{"rendered":"Por qu\u00ea montar o pres\u00e9pio no Natal?"},"content":{"rendered":"<p>S\u00e3o Francisco de Assis inventou o pres\u00e9pio em 1223 para explicar para as pessoas, que n\u00e3o sabiam ler, a hist\u00f3ria de Jesus. Foi ele quem montou o primeiro pres\u00e9pio vivo com pessoas e animais. E isso se repete em todas as partes do mundo.<\/p>\n<p><a href=\"http:\/\/blog.cancaonova.com\/paisecatequistas\/files\/2023\/12\/ALBUM.png\"><img loading=\"lazy\" decoding=\"async\" class=\"size-full wp-image-16033 alignnone\" src=\"http:\/\/blog.cancaonova.com\/paisecatequistas\/files\/2023\/12\/ALBUM.png\" alt=\"\" width=\"900\" height=\"600\" srcset=\"https:\/\/blog.cancaonova.com\/paisecatequistas\/files\/2023\/12\/ALBUM.png 900w, https:\/\/blog.cancaonova.com\/paisecatequistas\/files\/2023\/12\/ALBUM-300x200.png 300w, https:\/\/blog.cancaonova.com\/paisecatequistas\/files\/2023\/12\/ALBUM-768x512.png 768w\" sizes=\"(max-width: 900px) 100vw, 900px\" \/><\/a><\/p>\n<p><span style=\"color: #0000ff\"><strong>Os pres\u00e9pios s\u00e3o feitos de qu\u00ea?<\/strong><\/span><\/p>\n<p>&nbsp;<\/p>\n<p>O pres\u00e9pio \u00e9 uma pequena constru\u00e7\u00e3o com materiais diversos (barro, madeira, pl\u00e1stico, lou\u00e7a, papel\u00e3o etc.), que representam o est\u00e1bulo em Bel\u00e9m e as cenas que aconteceram no nascimento de Jesus.<\/p>\n<p><a href=\"http:\/\/blog.cancaonova.com\/paisecatequistas\/files\/2023\/12\/ALBUM-1.png\"><img loading=\"lazy\" decoding=\"async\" class=\"size-full wp-image-16034 alignnone\" src=\"http:\/\/blog.cancaonova.com\/paisecatequistas\/files\/2023\/12\/ALBUM-1.png\" alt=\"\" width=\"900\" height=\"600\" srcset=\"https:\/\/blog.cancaonova.com\/paisecatequistas\/files\/2023\/12\/ALBUM-1.png 900w, https:\/\/blog.cancaonova.com\/paisecatequistas\/files\/2023\/12\/ALBUM-1-300x200.png 300w, https:\/\/blog.cancaonova.com\/paisecatequistas\/files\/2023\/12\/ALBUM-1-768x512.png 768w\" sizes=\"(max-width: 900px) 100vw, 900px\" \/><\/a><\/p>\n<p><strong style=\"color: #0000ff\">Quais s\u00e3o os personagens?<\/strong><\/p>\n<p>O Menino Jesus \u00e9 o personagem central, o Filho de Deus vindo ao mundo! Com ele, Maria, Jos\u00e9, os anjos, a estrela de Bel\u00e9m, os pastores, os reis magos e os animais.<\/p>\n<p><a href=\"http:\/\/blog.cancaonova.com\/paisecatequistas\/files\/2023\/12\/ALBUM-2.png\"><img loading=\"lazy\" decoding=\"async\" class=\"size-full wp-image-16035 alignnone\" src=\"http:\/\/blog.cancaonova.com\/paisecatequistas\/files\/2023\/12\/ALBUM-2.png\" alt=\"\" width=\"900\" height=\"600\" srcset=\"https:\/\/blog.cancaonova.com\/paisecatequistas\/files\/2023\/12\/ALBUM-2.png 900w, https:\/\/blog.cancaonova.com\/paisecatequistas\/files\/2023\/12\/ALBUM-2-300x200.png 300w, https:\/\/blog.cancaonova.com\/paisecatequistas\/files\/2023\/12\/ALBUM-2-768x512.png 768w\" sizes=\"(max-width: 900px) 100vw, 900px\" \/><\/a><\/p>\n<p>Voc\u00ea sabia?<\/p>\n<ul>\n<li>Pres\u00e9pio vem do latim<strong><em> praesape,<\/em><\/strong> que significa <strong><em>estrebaria ou curral.<\/em><\/strong><\/li>\n<li>A estrela de Bel\u00e9m significa a f\u00e9 e a esperan\u00e7a que guia a vida dos crist\u00e3os.<\/li>\n<li>Os tamanhos e cen\u00e1rios dos pres\u00e9pios podem variar com luzes, fest\u00e3o, pontes, de acordo com a criatividade de cada pessoa.<\/li>\n<li>Geralmente, s\u00e3o montados a partir do dia 08 de dezembro, dia que se comemora a Imaculada Concei\u00e7\u00e3o de Nossa Senhora.<\/li>\n<\/ul>\n<p>Atividade para as crian\u00e7as:<\/p>\n<p><a href=\"http:\/\/blog.cancaonova.com\/paisecatequistas\/files\/2023\/12\/santa-cec\u00edlia-1.pdf\"><img loading=\"lazy\" decoding=\"async\" class=\"size-full wp-image-16036 alignnone\" src=\"http:\/\/blog.cancaonova.com\/paisecatequistas\/files\/2023\/12\/santa-cec\u00edlia.jpg\" alt=\"\" width=\"1414\" height=\"2000\" srcset=\"https:\/\/blog.cancaonova.com\/paisecatequistas\/files\/2023\/12\/santa-cec\u00edlia.jpg 1414w, https:\/\/blog.cancaonova.com\/paisecatequistas\/files\/2023\/12\/santa-cec\u00edlia-212x300.jpg 212w, https:\/\/blog.cancaonova.com\/paisecatequistas\/files\/2023\/12\/santa-cec\u00edlia-768x1086.jpg 768w\" sizes=\"(max-width: 1414px) 100vw, 1414px\" \/><\/a><\/p>\n","protected":false},"excerpt":{"rendered":"<p>S\u00e3o Francisco de Assis inventou o pres\u00e9pio em 1223 para explicar para as pessoas, que n\u00e3o sabiam ler, a hist\u00f3ria de Jesus. Foi ele quem montou o primeiro pres\u00e9pio vivo com pessoas e animais. E isso se repete em todas as partes do mundo. <a href=\"https:\/\/blog.cancaonova.com\/paisecatequistas\/por-que-montar-o-presepio-no-natal\/\">Continue lendo <span class=\"meta-nav\">&rarr;<\/span><\/a><\/p>\n","protected":false},"author":4340,"featured_media":16038,"comment_status":"closed","ping_status":"closed","sticky":false,"template":"","format":"standard","meta":{"_mi_skip_tracking":false,"_monsterinsights_sitenote_active":false,"_monsterinsights_sitenote_note":"","_monsterinsights_sitenote_category":0,"footnotes":""},"categories":[200710],"tags":[],"_links":{"self":[{"href":"https:\/\/blog.cancaonova.com\/paisecatequistas\/wp-json\/wp\/v2\/posts\/16032"}],"collection":[{"href":"https:\/\/blog.cancaonova.com\/paisecatequistas\/wp-json\/wp\/v2\/posts"}],"about":[{"href":"https:\/\/blog.cancaonova.com\/paisecatequistas\/wp-json\/wp\/v2\/types\/post"}],"author":[{"embeddable":true,"href":"https:\/\/blog.cancaonova.com\/paisecatequistas\/wp-json\/wp\/v2\/users\/4340"}],"replies":[{"embeddable":true,"href":"https:\/\/blog.cancaonova.com\/paisecatequistas\/wp-json\/wp\/v2\/comments?post=16032"}],"version-history":[{"count":5,"href":"https:\/\/blog.cancaonova.com\/paisecatequistas\/wp-json\/wp\/v2\/posts\/16032\/revisions"}],"predecessor-version":[{"id":18293,"href":"https:\/\/blog.cancaonova.com\/paisecatequistas\/wp-json\/wp\/v2\/posts\/16032\/revisions\/18293"}],"wp:featuredmedia":[{"embeddable":true,"href":"https:\/\/blog.cancaonova.com\/paisecatequistas\/wp-json\/wp\/v2\/media\/16038"}],"wp:attachment":[{"href":"https:\/\/blog.cancaonova.com\/paisecatequistas\/wp-json\/wp\/v2\/media?parent=16032"}],"wp:term":[{"taxonomy":"category","embeddable":true,"href":"https:\/\/blog.cancaonova.com\/paisecatequistas\/wp-json\/wp\/v2\/categories?post=16032"},{"taxonomy":"post_tag","embeddable":true,"href":"https:\/\/blog.cancaonova.com\/paisecatequistas\/wp-json\/wp\/v2\/tags?post=16032"}],"curies":[{"name":"wp","href":"https:\/\/api.w.org\/{rel}","templated":true}]}}