{"id":16058,"date":"2023-12-29T00:00:32","date_gmt":"2023-12-29T02:00:32","guid":{"rendered":"http:\/\/blog.cancaonova.com\/paisecatequistas\/?p=16058"},"modified":"2025-11-27T10:50:00","modified_gmt":"2025-11-27T12:50:00","slug":"16058","status":"publish","type":"post","link":"https:\/\/blog.cancaonova.com\/paisecatequistas\/16058\/","title":{"rendered":"Clipe: Natal pra mim | Sarah Sabar\u00e1"},"content":{"rendered":"<p>Um lindo Clip que nos leva a cantar o verdadeiro sentido do Natal<\/p>\n<p><iframe loading=\"lazy\" title=\"Natal pra mim (Nanana Natal)   | Sarah Sabar\u00c3\u00a1  (Clipe Oficial)\" width=\"600\" height=\"338\" src=\"https:\/\/www.youtube.com\/embed\/OMNYUQ21CE0?feature=oembed&amp;rel=0\" frameborder=\"0\" allow=\"accelerometer; autoplay; clipboard-write; encrypted-media; gyroscope; picture-in-picture; web-share\" referrerpolicy=\"strict-origin-when-cross-origin\" allowfullscreen><\/iframe><\/p>\n<p><strong> LETRA <\/strong><\/p>\n<p><strong>M\u00fasica:<\/strong> Natal pra mim (Nanana Natal)<\/p>\n<p><strong>Autor e Compositor:<\/strong> Sarah Sabar\u00e1 e Luiz Gustavo<\/p>\n<p><strong> Arranjo:<\/strong> Lucas Santos<\/p>\n<p><strong>Cantor:<\/strong> Sarah Sabar\u00e1 Nanana Natal<\/p>\n<p><em>(2x) Cantai ao Senhor, Cantai um canto novo <\/em><\/p>\n<p><em>Nasceu para n\u00f3s o Salvador <\/em><\/p>\n<p><em>Cantai todos os Anjos <\/em><\/p>\n<p><em>Cantai um canto novo <\/em><\/p>\n<p><em>Para o mundo nasceu o primeiro <\/em><\/p>\n<p><em>Nanana natal (2x) <\/em><\/p>\n<p><em>Brilhai estrela guia <\/em><\/p>\n<p><em>Louvai homens de Deus <\/em><\/p>\n<p><em>Nasceu Jesus, o Rei da Luz,<\/em><\/p>\n<p><em>Exaltai animaizinhos <\/em><\/p>\n<p><em>Cantai ao menino Deus <\/em><\/p>\n<p><em>Para o mundo o amor nasceu <\/em><\/p>\n<p><em>Nanana natal (2x) <\/em><\/p>\n<p><em>Natal pra mim, Fam\u00edlia sim <\/em><\/p>\n<p><em>Com Jesus Nanana natal (2x) <\/em><\/p>\n<p><strong><br \/>\nSiga-nos nas redes sociais <\/strong><\/p>\n<p>Facebook: @cancaonovakids<\/p>\n<p>Instagram: @cancaonovakids<\/p>\n<p>Twitter: @cancaonovakids<\/p>\n<p><strong>AGRADECIMENTOS:<\/strong><\/p>\n<p>Casa do Papai Noel &#8211; Pequena Finl\u00e2ndia (Penedo &#8211; SP)<\/p>\n<p>Ateli\u00ea @VIRTUDES.DE.MAE<\/p>\n<p><strong>EQUIPE T\u00c9CNICA: <\/strong><\/p>\n<p>Dire\u00e7\u00e3o: Edv\u00e2nia Lira<\/p>\n<p>Produ\u00e7\u00e3o: Edv\u00e2nia Lira<\/p>\n<p>Edi\u00e7\u00e3o: Sarah Sabar\u00e1<\/p>\n<p>Finaliza\u00e7\u00e3o: Andr\u00e9 Guerra<\/p>\n<p>Cinegrafista: Elias J\u00fanior<\/p>\n","protected":false},"excerpt":{"rendered":"<p>Um lindo Clip que nos leva a cantar o verdadeiro sentido do Natal<br \/>\nMusica e letra <a href=\"https:\/\/blog.cancaonova.com\/paisecatequistas\/16058\/\">Continue lendo <span class=\"meta-nav\">&rarr;<\/span><\/a><\/p>\n","protected":false},"author":4340,"featured_media":16330,"comment_status":"closed","ping_status":"closed","sticky":false,"template":"","format":"standard","meta":{"_mi_skip_tracking":false,"_monsterinsights_sitenote_active":false,"_monsterinsights_sitenote_note":"","_monsterinsights_sitenote_category":0,"footnotes":""},"categories":[200710],"tags":[5011,16595,31,218963,11681,201095],"_links":{"self":[{"href":"https:\/\/blog.cancaonova.com\/paisecatequistas\/wp-json\/wp\/v2\/posts\/16058"}],"collection":[{"href":"https:\/\/blog.cancaonova.com\/paisecatequistas\/wp-json\/wp\/v2\/posts"}],"about":[{"href":"https:\/\/blog.cancaonova.com\/paisecatequistas\/wp-json\/wp\/v2\/types\/post"}],"author":[{"embeddable":true,"href":"https:\/\/blog.cancaonova.com\/paisecatequistas\/wp-json\/wp\/v2\/users\/4340"}],"replies":[{"embeddable":true,"href":"https:\/\/blog.cancaonova.com\/paisecatequistas\/wp-json\/wp\/v2\/comments?post=16058"}],"version-history":[{"count":6,"href":"https:\/\/blog.cancaonova.com\/paisecatequistas\/wp-json\/wp\/v2\/posts\/16058\/revisions"}],"predecessor-version":[{"id":16332,"href":"https:\/\/blog.cancaonova.com\/paisecatequistas\/wp-json\/wp\/v2\/posts\/16058\/revisions\/16332"}],"wp:featuredmedia":[{"embeddable":true,"href":"https:\/\/blog.cancaonova.com\/paisecatequistas\/wp-json\/wp\/v2\/media\/16330"}],"wp:attachment":[{"href":"https:\/\/blog.cancaonova.com\/paisecatequistas\/wp-json\/wp\/v2\/media?parent=16058"}],"wp:term":[{"taxonomy":"category","embeddable":true,"href":"https:\/\/blog.cancaonova.com\/paisecatequistas\/wp-json\/wp\/v2\/categories?post=16058"},{"taxonomy":"post_tag","embeddable":true,"href":"https:\/\/blog.cancaonova.com\/paisecatequistas\/wp-json\/wp\/v2\/tags?post=16058"}],"curies":[{"name":"wp","href":"https:\/\/api.w.org\/{rel}","templated":true}]}}