{"id":16095,"date":"2023-12-05T16:19:22","date_gmt":"2023-12-05T18:19:22","guid":{"rendered":"http:\/\/blog.cancaonova.com\/paisecatequistas\/?p=16095"},"modified":"2023-12-09T22:47:23","modified_gmt":"2023-12-10T00:47:23","slug":"oficio-da-imaculada-conceicao-no-presepio","status":"publish","type":"post","link":"https:\/\/blog.cancaonova.com\/paisecatequistas\/oficio-da-imaculada-conceicao-no-presepio\/","title":{"rendered":"Of\u00edcio da Imaculada Concei\u00e7\u00e3o no Pres\u00e9pio"},"content":{"rendered":"<p>Vamos rezar e cantar o of\u00edcio da Imaculada neste Especial de Natal?<\/p>\n<p><iframe loading=\"lazy\" title=\"Oficio da Imaculada Concei\u00c3\u00a7\u00c3\u00a3o| Especial de Natal 2020\" width=\"600\" height=\"338\" src=\"https:\/\/www.youtube.com\/embed\/0V1sUnuxdeY?feature=oembed&amp;rel=0\" frameborder=\"0\" allow=\"accelerometer; autoplay; clipboard-write; encrypted-media; gyroscope; picture-in-picture; web-share\" referrerpolicy=\"strict-origin-when-cross-origin\" allowfullscreen><\/iframe><\/p>\n","protected":false},"excerpt":{"rendered":"<p>Vamos rezar e cantar o of\u00edcio da Imaculada Especial de Natal? <a href=\"https:\/\/blog.cancaonova.com\/paisecatequistas\/oficio-da-imaculada-conceicao-no-presepio\/\">Continue lendo <span class=\"meta-nav\">&rarr;<\/span><\/a><\/p>\n","protected":false},"author":4340,"featured_media":16137,"comment_status":"open","ping_status":"open","sticky":false,"template":"","format":"standard","meta":{"_mi_skip_tracking":false,"_monsterinsights_sitenote_active":false,"_monsterinsights_sitenote_note":"","_monsterinsights_sitenote_category":0,"footnotes":""},"categories":[1],"tags":[],"_links":{"self":[{"href":"https:\/\/blog.cancaonova.com\/paisecatequistas\/wp-json\/wp\/v2\/posts\/16095"}],"collection":[{"href":"https:\/\/blog.cancaonova.com\/paisecatequistas\/wp-json\/wp\/v2\/posts"}],"about":[{"href":"https:\/\/blog.cancaonova.com\/paisecatequistas\/wp-json\/wp\/v2\/types\/post"}],"author":[{"embeddable":true,"href":"https:\/\/blog.cancaonova.com\/paisecatequistas\/wp-json\/wp\/v2\/users\/4340"}],"replies":[{"embeddable":true,"href":"https:\/\/blog.cancaonova.com\/paisecatequistas\/wp-json\/wp\/v2\/comments?post=16095"}],"version-history":[{"count":1,"href":"https:\/\/blog.cancaonova.com\/paisecatequistas\/wp-json\/wp\/v2\/posts\/16095\/revisions"}],"predecessor-version":[{"id":16100,"href":"https:\/\/blog.cancaonova.com\/paisecatequistas\/wp-json\/wp\/v2\/posts\/16095\/revisions\/16100"}],"wp:featuredmedia":[{"embeddable":true,"href":"https:\/\/blog.cancaonova.com\/paisecatequistas\/wp-json\/wp\/v2\/media\/16137"}],"wp:attachment":[{"href":"https:\/\/blog.cancaonova.com\/paisecatequistas\/wp-json\/wp\/v2\/media?parent=16095"}],"wp:term":[{"taxonomy":"category","embeddable":true,"href":"https:\/\/blog.cancaonova.com\/paisecatequistas\/wp-json\/wp\/v2\/categories?post=16095"},{"taxonomy":"post_tag","embeddable":true,"href":"https:\/\/blog.cancaonova.com\/paisecatequistas\/wp-json\/wp\/v2\/tags?post=16095"}],"curies":[{"name":"wp","href":"https:\/\/api.w.org\/{rel}","templated":true}]}}