{"id":16102,"date":"2023-12-06T12:55:18","date_gmt":"2023-12-06T14:55:18","guid":{"rendered":"http:\/\/blog.cancaonova.com\/paisecatequistas\/?p=16102"},"modified":"2024-12-27T11:57:41","modified_gmt":"2024-12-27T13:57:41","slug":"a-historia-do-natal-2","status":"publish","type":"post","link":"https:\/\/blog.cancaonova.com\/paisecatequistas\/a-historia-do-natal-2\/","title":{"rendered":"A Hist\u00f3ria do Natal"},"content":{"rendered":"<p>A hist\u00f3ria do Natal narrada pelo pequeno Sebastian enche o nosso cora\u00e7\u00e3o de alegria e expectativa pelo Senhor que vem em nosso cora\u00e7\u00e3o morar!<\/p>\n<p><iframe loading=\"lazy\" title=\"A Hist\u00c3\u00b3ria do Natal\" width=\"600\" height=\"338\" src=\"https:\/\/www.youtube.com\/embed\/2FGlO0Fqs_c?feature=oembed&amp;rel=0\" frameborder=\"0\" allow=\"accelerometer; autoplay; clipboard-write; encrypted-media; gyroscope; picture-in-picture; web-share\" referrerpolicy=\"strict-origin-when-cross-origin\" allowfullscreen><\/iframe><\/p>\n","protected":false},"excerpt":{"rendered":"<p>A Hist\u00f3ria do Natal narrada pelo pequeno Sebastian enche nosso cora\u00e7\u00e3o de alegria e expectativa pelo Senhor que vem em nosso cora\u00e7\u00e3o morar! <a href=\"https:\/\/blog.cancaonova.com\/paisecatequistas\/a-historia-do-natal-2\/\">Continue lendo <span class=\"meta-nav\">&rarr;<\/span><\/a><\/p>\n","protected":false},"author":4340,"featured_media":16103,"comment_status":"closed","ping_status":"closed","sticky":false,"template":"","format":"standard","meta":{"_mi_skip_tracking":false,"_monsterinsights_sitenote_active":false,"_monsterinsights_sitenote_note":"","_monsterinsights_sitenote_category":0,"footnotes":""},"categories":[200710],"tags":[],"_links":{"self":[{"href":"https:\/\/blog.cancaonova.com\/paisecatequistas\/wp-json\/wp\/v2\/posts\/16102"}],"collection":[{"href":"https:\/\/blog.cancaonova.com\/paisecatequistas\/wp-json\/wp\/v2\/posts"}],"about":[{"href":"https:\/\/blog.cancaonova.com\/paisecatequistas\/wp-json\/wp\/v2\/types\/post"}],"author":[{"embeddable":true,"href":"https:\/\/blog.cancaonova.com\/paisecatequistas\/wp-json\/wp\/v2\/users\/4340"}],"replies":[{"embeddable":true,"href":"https:\/\/blog.cancaonova.com\/paisecatequistas\/wp-json\/wp\/v2\/comments?post=16102"}],"version-history":[{"count":4,"href":"https:\/\/blog.cancaonova.com\/paisecatequistas\/wp-json\/wp\/v2\/posts\/16102\/revisions"}],"predecessor-version":[{"id":18353,"href":"https:\/\/blog.cancaonova.com\/paisecatequistas\/wp-json\/wp\/v2\/posts\/16102\/revisions\/18353"}],"wp:featuredmedia":[{"embeddable":true,"href":"https:\/\/blog.cancaonova.com\/paisecatequistas\/wp-json\/wp\/v2\/media\/16103"}],"wp:attachment":[{"href":"https:\/\/blog.cancaonova.com\/paisecatequistas\/wp-json\/wp\/v2\/media?parent=16102"}],"wp:term":[{"taxonomy":"category","embeddable":true,"href":"https:\/\/blog.cancaonova.com\/paisecatequistas\/wp-json\/wp\/v2\/categories?post=16102"},{"taxonomy":"post_tag","embeddable":true,"href":"https:\/\/blog.cancaonova.com\/paisecatequistas\/wp-json\/wp\/v2\/tags?post=16102"}],"curies":[{"name":"wp","href":"https:\/\/api.w.org\/{rel}","templated":true}]}}