{"id":16141,"date":"2023-12-13T09:21:18","date_gmt":"2023-12-13T11:21:18","guid":{"rendered":"http:\/\/blog.cancaonova.com\/paisecatequistas\/?p=16141"},"modified":"2026-03-12T09:30:49","modified_gmt":"2026-03-12T11:30:49","slug":"ele-foi-semeado","status":"publish","type":"post","link":"https:\/\/blog.cancaonova.com\/paisecatequistas\/ele-foi-semeado\/","title":{"rendered":"Ele foi semeado"},"content":{"rendered":"<p>Um lindo v\u00eddeo que preparamos para homenagear o Padre Jonas.<\/p>\n<p>A saudade \u00e9 grande, mas a certeza do C\u00e9u nos faz louvar a Deus pela sua vida e seu legado: O Carisma Can\u00e7\u00e3o Nova<\/p>\n<p>Conhe\u00e7a tamb\u00e9m o<a href=\"https:\/\/blog.cancaonova.com\/paisecatequistas\/hq-ele-foi-semeado\/\"> HQ &#8211; Ele foi semeado<\/a><\/p>\n<p><iframe loading=\"lazy\" title=\"Clubinho do Jonas - Ele foi Semeado\" width=\"600\" height=\"338\" src=\"https:\/\/www.youtube.com\/embed\/JU_ZsZnpoMs?feature=oembed&amp;rel=0\" frameborder=\"0\" allow=\"accelerometer; autoplay; clipboard-write; encrypted-media; gyroscope; picture-in-picture; web-share\" referrerpolicy=\"strict-origin-when-cross-origin\" allowfullscreen><\/iframe><\/p>\n","protected":false},"excerpt":{"rendered":"<p>Um lindo video que preparamos para homenagear o Padre Jonas fazendo mem\u00f3ria do seu 1\u00ba ano de eternidade <a href=\"https:\/\/blog.cancaonova.com\/paisecatequistas\/ele-foi-semeado\/\">Continue lendo <span class=\"meta-nav\">&rarr;<\/span><\/a><\/p>\n","protected":false},"author":4340,"featured_media":16409,"comment_status":"closed","ping_status":"closed","sticky":false,"template":"","format":"standard","meta":{"_mi_skip_tracking":false,"_monsterinsights_sitenote_active":false,"_monsterinsights_sitenote_note":"","_monsterinsights_sitenote_category":0,"footnotes":""},"categories":[200710],"tags":[219004,26417,23066,192567,2031],"_links":{"self":[{"href":"https:\/\/blog.cancaonova.com\/paisecatequistas\/wp-json\/wp\/v2\/posts\/16141"}],"collection":[{"href":"https:\/\/blog.cancaonova.com\/paisecatequistas\/wp-json\/wp\/v2\/posts"}],"about":[{"href":"https:\/\/blog.cancaonova.com\/paisecatequistas\/wp-json\/wp\/v2\/types\/post"}],"author":[{"embeddable":true,"href":"https:\/\/blog.cancaonova.com\/paisecatequistas\/wp-json\/wp\/v2\/users\/4340"}],"replies":[{"embeddable":true,"href":"https:\/\/blog.cancaonova.com\/paisecatequistas\/wp-json\/wp\/v2\/comments?post=16141"}],"version-history":[{"count":7,"href":"https:\/\/blog.cancaonova.com\/paisecatequistas\/wp-json\/wp\/v2\/posts\/16141\/revisions"}],"predecessor-version":[{"id":19902,"href":"https:\/\/blog.cancaonova.com\/paisecatequistas\/wp-json\/wp\/v2\/posts\/16141\/revisions\/19902"}],"wp:featuredmedia":[{"embeddable":true,"href":"https:\/\/blog.cancaonova.com\/paisecatequistas\/wp-json\/wp\/v2\/media\/16409"}],"wp:attachment":[{"href":"https:\/\/blog.cancaonova.com\/paisecatequistas\/wp-json\/wp\/v2\/media?parent=16141"}],"wp:term":[{"taxonomy":"category","embeddable":true,"href":"https:\/\/blog.cancaonova.com\/paisecatequistas\/wp-json\/wp\/v2\/categories?post=16141"},{"taxonomy":"post_tag","embeddable":true,"href":"https:\/\/blog.cancaonova.com\/paisecatequistas\/wp-json\/wp\/v2\/tags?post=16141"}],"curies":[{"name":"wp","href":"https:\/\/api.w.org\/{rel}","templated":true}]}}