{"id":16166,"date":"2023-12-15T08:51:28","date_gmt":"2023-12-15T10:51:28","guid":{"rendered":"http:\/\/blog.cancaonova.com\/paisecatequistas\/?p=16166"},"modified":"2024-12-03T12:38:12","modified_gmt":"2024-12-03T14:38:12","slug":"novena-de-natal-com-o-menino-jesus-1o-dia","status":"publish","type":"post","link":"https:\/\/blog.cancaonova.com\/paisecatequistas\/novena-de-natal-com-o-menino-jesus-1o-dia\/","title":{"rendered":"Novena de Natal com o Menino Jesus  - 1\u00ba dia"},"content":{"rendered":"<p>Vamos juntos rezar a Novena de Natal com o Menino Jesus?<\/p>\n<p>Reconhecendo como a crian\u00e7a \u00e9 alegre, curiosa e gosta de celebrar a vida, preparamos novena que gera a expectativa do nascimento do Menino Jesus, destacando a grande manifesta\u00e7\u00e3o do amor de Deus que enviou seu Filho ao mundo para nos salvar.<\/p>\n<p>Levando os nossos pequenos \u00e0 experi\u00eancia de um encontro especial com Deus e este grande acontecimento que mudou a hist\u00f3ria do mundo: o nascimento de Jesus!<\/p>\n<p>Vamos rezar juntos?<\/p>\n<p>&nbsp;<\/p>\n<p><iframe loading=\"lazy\" title=\"Novena de Natal - Introdu\u00c3\u00a7\u00c3\u00a3o\" width=\"600\" height=\"338\" src=\"https:\/\/www.youtube.com\/embed\/877id3VoxHY?list=PLNlRgLhNKHidw8N689WjEjKqB2JyURAlY&amp;rel=0\" frameborder=\"0\" allow=\"accelerometer; autoplay; clipboard-write; encrypted-media; gyroscope; picture-in-picture; web-share\" referrerpolicy=\"strict-origin-when-cross-origin\" allowfullscreen><\/iframe><\/p>\n<p><iframe loading=\"lazy\" title=\"Novena de Natal - Primeiro dia\" width=\"600\" height=\"338\" src=\"https:\/\/www.youtube.com\/embed\/pEt0LPKJqp4?feature=oembed&amp;rel=0\" frameborder=\"0\" allow=\"accelerometer; autoplay; clipboard-write; encrypted-media; gyroscope; picture-in-picture; web-share\" referrerpolicy=\"strict-origin-when-cross-origin\" allowfullscreen><\/iframe><\/p>\n<p><a href=\"http:\/\/blog.cancaonova.com\/paisecatequistas\/files\/2023\/12\/primeiro-dia-da-novena-de-natal.pdf\"><strong>Clique <span style=\"color: #0000ff\">aqui<\/span> para fazer o download<\/strong><\/a><\/p>\n<p><a href=\"http:\/\/blog.cancaonova.com\/paisecatequistas\/files\/2023\/12\/Miolo-LV-Novena-de-Natal-p\u00e1ginas-3.png\"><img loading=\"lazy\" decoding=\"async\" class=\" wp-image-16178 alignnone\" src=\"http:\/\/blog.cancaonova.com\/paisecatequistas\/files\/2023\/12\/Miolo-LV-Novena-de-Natal-p\u00e1ginas-3.png\" alt=\"\" width=\"749\" height=\"1056\" srcset=\"https:\/\/blog.cancaonova.com\/paisecatequistas\/files\/2023\/12\/Miolo-LV-Novena-de-Natal-p\u00e1ginas-3.png 1299w, https:\/\/blog.cancaonova.com\/paisecatequistas\/files\/2023\/12\/Miolo-LV-Novena-de-Natal-p\u00e1ginas-3-213x300.png 213w, https:\/\/blog.cancaonova.com\/paisecatequistas\/files\/2023\/12\/Miolo-LV-Novena-de-Natal-p\u00e1ginas-3-768x1083.png 768w\" sizes=\"(max-width: 749px) 100vw, 749px\" \/><\/a><\/p>\n<p><a href=\"http:\/\/blog.cancaonova.com\/paisecatequistas\/files\/2023\/12\/Miolo-LV-Novena-de-Natal-p\u00e1ginas-4.png\"><img loading=\"lazy\" decoding=\"async\" class=\" wp-image-16180 alignnone\" src=\"http:\/\/blog.cancaonova.com\/paisecatequistas\/files\/2023\/12\/Miolo-LV-Novena-de-Natal-p\u00e1ginas-4.png\" alt=\"\" width=\"749\" height=\"1056\" srcset=\"https:\/\/blog.cancaonova.com\/paisecatequistas\/files\/2023\/12\/Miolo-LV-Novena-de-Natal-p\u00e1ginas-4.png 1299w, https:\/\/blog.cancaonova.com\/paisecatequistas\/files\/2023\/12\/Miolo-LV-Novena-de-Natal-p\u00e1ginas-4-213x300.png 213w, https:\/\/blog.cancaonova.com\/paisecatequistas\/files\/2023\/12\/Miolo-LV-Novena-de-Natal-p\u00e1ginas-4-768x1083.png 768w\" sizes=\"(max-width: 749px) 100vw, 749px\" \/><\/a><\/p>\n<p><a href=\"http:\/\/blog.cancaonova.com\/paisecatequistas\/files\/2023\/12\/Miolo-LV-Novena-de-Natal-p\u00e1ginas-5.png\"><img loading=\"lazy\" decoding=\"async\" class=\" wp-image-16181 alignnone\" src=\"http:\/\/blog.cancaonova.com\/paisecatequistas\/files\/2023\/12\/Miolo-LV-Novena-de-Natal-p\u00e1ginas-5.png\" alt=\"\" width=\"749\" height=\"1056\" srcset=\"https:\/\/blog.cancaonova.com\/paisecatequistas\/files\/2023\/12\/Miolo-LV-Novena-de-Natal-p\u00e1ginas-5.png 1299w, https:\/\/blog.cancaonova.com\/paisecatequistas\/files\/2023\/12\/Miolo-LV-Novena-de-Natal-p\u00e1ginas-5-213x300.png 213w, https:\/\/blog.cancaonova.com\/paisecatequistas\/files\/2023\/12\/Miolo-LV-Novena-de-Natal-p\u00e1ginas-5-768x1083.png 768w\" sizes=\"(max-width: 749px) 100vw, 749px\" \/><\/a><\/p>\n","protected":false},"excerpt":{"rendered":"<p>Vamos juntos rezar a Novena de Natal com o Menino Jesus? Reconhecendo como a crian\u00e7a \u00e9 alegre, curiosa e gosta de celebrar a vida, preparamos novena que gera a expectativa do nascimento do Menino Jesus, destacando a grande manifesta\u00e7\u00e3o do&#8230;<\/p>\n","protected":false},"author":4340,"featured_media":16171,"comment_status":"closed","ping_status":"closed","sticky":false,"template":"","format":"standard","meta":{"_mi_skip_tracking":false,"_monsterinsights_sitenote_active":false,"_monsterinsights_sitenote_note":"","_monsterinsights_sitenote_category":0,"footnotes":""},"categories":[200710],"tags":[],"_links":{"self":[{"href":"https:\/\/blog.cancaonova.com\/paisecatequistas\/wp-json\/wp\/v2\/posts\/16166"}],"collection":[{"href":"https:\/\/blog.cancaonova.com\/paisecatequistas\/wp-json\/wp\/v2\/posts"}],"about":[{"href":"https:\/\/blog.cancaonova.com\/paisecatequistas\/wp-json\/wp\/v2\/types\/post"}],"author":[{"embeddable":true,"href":"https:\/\/blog.cancaonova.com\/paisecatequistas\/wp-json\/wp\/v2\/users\/4340"}],"replies":[{"embeddable":true,"href":"https:\/\/blog.cancaonova.com\/paisecatequistas\/wp-json\/wp\/v2\/comments?post=16166"}],"version-history":[{"count":7,"href":"https:\/\/blog.cancaonova.com\/paisecatequistas\/wp-json\/wp\/v2\/posts\/16166\/revisions"}],"predecessor-version":[{"id":16210,"href":"https:\/\/blog.cancaonova.com\/paisecatequistas\/wp-json\/wp\/v2\/posts\/16166\/revisions\/16210"}],"wp:featuredmedia":[{"embeddable":true,"href":"https:\/\/blog.cancaonova.com\/paisecatequistas\/wp-json\/wp\/v2\/media\/16171"}],"wp:attachment":[{"href":"https:\/\/blog.cancaonova.com\/paisecatequistas\/wp-json\/wp\/v2\/media?parent=16166"}],"wp:term":[{"taxonomy":"category","embeddable":true,"href":"https:\/\/blog.cancaonova.com\/paisecatequistas\/wp-json\/wp\/v2\/categories?post=16166"},{"taxonomy":"post_tag","embeddable":true,"href":"https:\/\/blog.cancaonova.com\/paisecatequistas\/wp-json\/wp\/v2\/tags?post=16166"}],"curies":[{"name":"wp","href":"https:\/\/api.w.org\/{rel}","templated":true}]}}