{"id":16174,"date":"2023-12-14T14:39:41","date_gmt":"2023-12-14T16:39:41","guid":{"rendered":"http:\/\/blog.cancaonova.com\/paisecatequistas\/?p=16174"},"modified":"2023-12-19T09:09:57","modified_gmt":"2023-12-19T11:09:57","slug":"cancao-de-uma-vida-entregue-deus-homenagem-ao-padre-jonas-abib","status":"publish","type":"post","link":"https:\/\/blog.cancaonova.com\/paisecatequistas\/cancao-de-uma-vida-entregue-deus-homenagem-ao-padre-jonas-abib\/","title":{"rendered":"A Can\u00e7\u00e3o de uma vida entregue a Deus - Homenagem ao Padre Jonas Abib"},"content":{"rendered":"<p>O ThePoiint preparou uma linda homenagem ao Padre Jonas Abib<\/p>\n<p>Obrigada, Padre Jonas Abib, por toda a sua entrega! Obrigada, pelo seu &#8220;sim&#8221;, porque, atrav\u00e9s dele, muitos se encontraram com Deus. Obrigada por cantar uma Can\u00e7\u00e3o Nova com sua vida, porque essa can\u00e7\u00e3o nos inspira todos os dias! Vamos continuar o seu legado! Intercede por n\u00f3s a\u00ed do C\u00e9u! Amamos o senhor\ud83e\udd0d.<\/p>\n<p>M\u00fasicas: N\u00e3o d\u00e1 mais pra voltar e Juras de Amor &#8211; Padre Jonas Abib<\/p>\n<p><iframe loading=\"lazy\" title=\"A can\u00c3\u00a7\u00c3\u00a3o de uma vida entregue \u00c3\u00a0 Deus - Homenagem ao Padre Jonas Abib\" width=\"600\" height=\"338\" src=\"https:\/\/www.youtube.com\/embed\/f5WW398-3hw?feature=oembed&amp;rel=0\" frameborder=\"0\" allow=\"accelerometer; autoplay; clipboard-write; encrypted-media; gyroscope; picture-in-picture; web-share\" referrerpolicy=\"strict-origin-when-cross-origin\" allowfullscreen><\/iframe><\/p>\n","protected":false},"excerpt":{"rendered":"<p>O ThePoiint preparou uma linda homenagem ao Pe. Jonas Abib<\/p>\n<p>Obrigada Padre Jonas Abib por toda a sua entrega! Obrigada pelo seu &#8220;sim&#8221;, porque, atrav\u00e9s dele, muitos se encontraram com Deus! Obrigada por cantar uma Can\u00e7\u00e3o Nova com sua vida, porque essa can\u00e7\u00e3o nos inspira todos os dias! Vamos continuar o seu legado! Intercede por n\u00f3s a\u00ed do C\u00e9u! Te amamos\ud83e\udd0d M\u00fasicas: N\u00e3o d\u00e1 mais pra voltar e Juras de Amor &#8211; Padre Jonas Abib <a href=\"https:\/\/blog.cancaonova.com\/paisecatequistas\/cancao-de-uma-vida-entregue-deus-homenagem-ao-padre-jonas-abib\/\">Continue lendo <span class=\"meta-nav\">&rarr;<\/span><\/a><\/p>\n","protected":false},"author":4340,"featured_media":16203,"comment_status":"open","ping_status":"open","sticky":false,"template":"","format":"standard","meta":{"_mi_skip_tracking":false,"_monsterinsights_sitenote_active":false,"_monsterinsights_sitenote_note":"","_monsterinsights_sitenote_category":0,"footnotes":""},"categories":[1],"tags":[],"_links":{"self":[{"href":"https:\/\/blog.cancaonova.com\/paisecatequistas\/wp-json\/wp\/v2\/posts\/16174"}],"collection":[{"href":"https:\/\/blog.cancaonova.com\/paisecatequistas\/wp-json\/wp\/v2\/posts"}],"about":[{"href":"https:\/\/blog.cancaonova.com\/paisecatequistas\/wp-json\/wp\/v2\/types\/post"}],"author":[{"embeddable":true,"href":"https:\/\/blog.cancaonova.com\/paisecatequistas\/wp-json\/wp\/v2\/users\/4340"}],"replies":[{"embeddable":true,"href":"https:\/\/blog.cancaonova.com\/paisecatequistas\/wp-json\/wp\/v2\/comments?post=16174"}],"version-history":[{"count":3,"href":"https:\/\/blog.cancaonova.com\/paisecatequistas\/wp-json\/wp\/v2\/posts\/16174\/revisions"}],"predecessor-version":[{"id":16208,"href":"https:\/\/blog.cancaonova.com\/paisecatequistas\/wp-json\/wp\/v2\/posts\/16174\/revisions\/16208"}],"wp:featuredmedia":[{"embeddable":true,"href":"https:\/\/blog.cancaonova.com\/paisecatequistas\/wp-json\/wp\/v2\/media\/16203"}],"wp:attachment":[{"href":"https:\/\/blog.cancaonova.com\/paisecatequistas\/wp-json\/wp\/v2\/media?parent=16174"}],"wp:term":[{"taxonomy":"category","embeddable":true,"href":"https:\/\/blog.cancaonova.com\/paisecatequistas\/wp-json\/wp\/v2\/categories?post=16174"},{"taxonomy":"post_tag","embeddable":true,"href":"https:\/\/blog.cancaonova.com\/paisecatequistas\/wp-json\/wp\/v2\/tags?post=16174"}],"curies":[{"name":"wp","href":"https:\/\/api.w.org\/{rel}","templated":true}]}}