{"id":16251,"date":"2023-12-19T10:54:04","date_gmt":"2023-12-19T12:54:04","guid":{"rendered":"http:\/\/blog.cancaonova.com\/paisecatequistas\/?p=16251"},"modified":"2023-12-20T11:21:31","modified_gmt":"2023-12-20T13:21:31","slug":"novena-de-natal-com-o-menino-jesus-7o-dia","status":"publish","type":"post","link":"https:\/\/blog.cancaonova.com\/paisecatequistas\/novena-de-natal-com-o-menino-jesus-7o-dia\/","title":{"rendered":"Novena de Natal  com o Menino Jesus | 7\u00ba dia"},"content":{"rendered":"<p>Estamos quase concluindo nossa Novena de Natal com o Menino Jesus, um tempo lindo de preparar o cora\u00e7\u00e3o para receber Jesus, Maria e Jos\u00e9!<\/p>\n<p><iframe loading=\"lazy\" title=\"Novena de Natal - S\u00c3\u00a9timo dia\" width=\"600\" height=\"338\" src=\"https:\/\/www.youtube.com\/embed\/IAn4w4LA__o?list=PLNlRgLhNKHidw8N689WjEjKqB2JyURAlY&amp;rel=0\" frameborder=\"0\" allow=\"accelerometer; autoplay; clipboard-write; encrypted-media; gyroscope; picture-in-picture; web-share\" referrerpolicy=\"strict-origin-when-cross-origin\" allowfullscreen><\/iframe><\/p>\n<p><a href=\"http:\/\/blog.cancaonova.com\/paisecatequistas\/files\/2023\/12\/6dia-novena-1.pdf\"><img loading=\"lazy\" decoding=\"async\" class=\" wp-image-16254 alignnone\" src=\"http:\/\/blog.cancaonova.com\/paisecatequistas\/files\/2023\/12\/0016.jpg\" alt=\"\" width=\"1034\" height=\"1456\" srcset=\"https:\/\/blog.cancaonova.com\/paisecatequistas\/files\/2023\/12\/0016.jpg 1300w, https:\/\/blog.cancaonova.com\/paisecatequistas\/files\/2023\/12\/0016-213x300.jpg 213w, https:\/\/blog.cancaonova.com\/paisecatequistas\/files\/2023\/12\/0016-768x1082.jpg 768w\" sizes=\"(max-width: 1034px) 100vw, 1034px\" \/><\/a><\/p>\n<p><a href=\"http:\/\/blog.cancaonova.com\/paisecatequistas\/files\/2023\/12\/6dia-novena-1.pdf\"><img loading=\"lazy\" decoding=\"async\" class=\"wp-image-16255 alignnone\" src=\"http:\/\/blog.cancaonova.com\/paisecatequistas\/files\/2023\/12\/0017.jpg\" alt=\"\" width=\"903\" height=\"1272\" srcset=\"https:\/\/blog.cancaonova.com\/paisecatequistas\/files\/2023\/12\/0017.jpg 1300w, https:\/\/blog.cancaonova.com\/paisecatequistas\/files\/2023\/12\/0017-213x300.jpg 213w, https:\/\/blog.cancaonova.com\/paisecatequistas\/files\/2023\/12\/0017-768x1082.jpg 768w\" sizes=\"(max-width: 903px) 100vw, 903px\" \/><\/a><\/p>\n<p>&nbsp;<\/p>\n","protected":false},"excerpt":{"rendered":"<p>Estamos quase concluindo nossa Novena de Natal com o Menino Jesus, um tempo lindo de preparar o cora\u00e7\u00e3o para receber Jesus, Maria e Jos\u00e9! &nbsp;<\/p>\n","protected":false},"author":4340,"featured_media":16256,"comment_status":"open","ping_status":"open","sticky":false,"template":"","format":"standard","meta":{"_mi_skip_tracking":false,"_monsterinsights_sitenote_active":false,"_monsterinsights_sitenote_note":"","_monsterinsights_sitenote_category":0,"footnotes":""},"categories":[1],"tags":[],"_links":{"self":[{"href":"https:\/\/blog.cancaonova.com\/paisecatequistas\/wp-json\/wp\/v2\/posts\/16251"}],"collection":[{"href":"https:\/\/blog.cancaonova.com\/paisecatequistas\/wp-json\/wp\/v2\/posts"}],"about":[{"href":"https:\/\/blog.cancaonova.com\/paisecatequistas\/wp-json\/wp\/v2\/types\/post"}],"author":[{"embeddable":true,"href":"https:\/\/blog.cancaonova.com\/paisecatequistas\/wp-json\/wp\/v2\/users\/4340"}],"replies":[{"embeddable":true,"href":"https:\/\/blog.cancaonova.com\/paisecatequistas\/wp-json\/wp\/v2\/comments?post=16251"}],"version-history":[{"count":4,"href":"https:\/\/blog.cancaonova.com\/paisecatequistas\/wp-json\/wp\/v2\/posts\/16251\/revisions"}],"predecessor-version":[{"id":16279,"href":"https:\/\/blog.cancaonova.com\/paisecatequistas\/wp-json\/wp\/v2\/posts\/16251\/revisions\/16279"}],"wp:featuredmedia":[{"embeddable":true,"href":"https:\/\/blog.cancaonova.com\/paisecatequistas\/wp-json\/wp\/v2\/media\/16256"}],"wp:attachment":[{"href":"https:\/\/blog.cancaonova.com\/paisecatequistas\/wp-json\/wp\/v2\/media?parent=16251"}],"wp:term":[{"taxonomy":"category","embeddable":true,"href":"https:\/\/blog.cancaonova.com\/paisecatequistas\/wp-json\/wp\/v2\/categories?post=16251"},{"taxonomy":"post_tag","embeddable":true,"href":"https:\/\/blog.cancaonova.com\/paisecatequistas\/wp-json\/wp\/v2\/tags?post=16251"}],"curies":[{"name":"wp","href":"https:\/\/api.w.org\/{rel}","templated":true}]}}