{"id":16289,"date":"2023-12-20T13:26:51","date_gmt":"2023-12-20T15:26:51","guid":{"rendered":"http:\/\/blog.cancaonova.com\/paisecatequistas\/?p=16289"},"modified":"2023-12-28T10:58:28","modified_gmt":"2023-12-28T12:58:28","slug":"irmaos-hoelz-virgem-do-silencio-homenagem-ao-padre-jonas-abib","status":"publish","type":"post","link":"https:\/\/blog.cancaonova.com\/paisecatequistas\/irmaos-hoelz-virgem-do-silencio-homenagem-ao-padre-jonas-abib\/","title":{"rendered":"Irm\u00e3os Hoelz | Virgem do Sil\u00eancio (Homenagem ao Padre Jonas Abib)"},"content":{"rendered":"<p>Homenagem ao Padre Jonas, a\u00a0\u00a0m\u00fasica de sua autoria &#8220;Virgem do Sil\u00eancio&#8221;, interpretada por Cec\u00edlia e seus irm\u00e3os Jo\u00e3o Rafael, Samuel Jos\u00e9, Davi e Ant\u00f4nio Hoelz.<\/p>\n<p><iframe loading=\"lazy\" title=\"Irm\u00c3\u00a3os Hoelz - Virgem do Sil\u00c3\u00aancio (Homenagem Pe. Jonas Abib)\" width=\"600\" height=\"338\" src=\"https:\/\/www.youtube.com\/embed\/PqquNiMtAgo?feature=oembed&amp;rel=0\" frameborder=\"0\" allow=\"accelerometer; autoplay; clipboard-write; encrypted-media; gyroscope; picture-in-picture; web-share\" referrerpolicy=\"strict-origin-when-cross-origin\" allowfullscreen><\/iframe><\/p>\n","protected":false},"excerpt":{"rendered":"<p>Homenagem ao Padre Jonas, a m\u00fasica de sua autoria Virgem do Silencio interpretada por Cec\u00edlia e seus irm\u00e3os Jo\u00e3o, Samuel, Davi e Ant\u00f4nio. <a href=\"https:\/\/blog.cancaonova.com\/paisecatequistas\/irmaos-hoelz-virgem-do-silencio-homenagem-ao-padre-jonas-abib\/\">Continue lendo <span class=\"meta-nav\">&rarr;<\/span><\/a><\/p>\n","protected":false},"author":4340,"featured_media":16290,"comment_status":"open","ping_status":"open","sticky":false,"template":"","format":"standard","meta":{"_mi_skip_tracking":false,"_monsterinsights_sitenote_active":false,"_monsterinsights_sitenote_note":"","_monsterinsights_sitenote_category":0,"footnotes":""},"categories":[1],"tags":[],"_links":{"self":[{"href":"https:\/\/blog.cancaonova.com\/paisecatequistas\/wp-json\/wp\/v2\/posts\/16289"}],"collection":[{"href":"https:\/\/blog.cancaonova.com\/paisecatequistas\/wp-json\/wp\/v2\/posts"}],"about":[{"href":"https:\/\/blog.cancaonova.com\/paisecatequistas\/wp-json\/wp\/v2\/types\/post"}],"author":[{"embeddable":true,"href":"https:\/\/blog.cancaonova.com\/paisecatequistas\/wp-json\/wp\/v2\/users\/4340"}],"replies":[{"embeddable":true,"href":"https:\/\/blog.cancaonova.com\/paisecatequistas\/wp-json\/wp\/v2\/comments?post=16289"}],"version-history":[{"count":8,"href":"https:\/\/blog.cancaonova.com\/paisecatequistas\/wp-json\/wp\/v2\/posts\/16289\/revisions"}],"predecessor-version":[{"id":16320,"href":"https:\/\/blog.cancaonova.com\/paisecatequistas\/wp-json\/wp\/v2\/posts\/16289\/revisions\/16320"}],"wp:featuredmedia":[{"embeddable":true,"href":"https:\/\/blog.cancaonova.com\/paisecatequistas\/wp-json\/wp\/v2\/media\/16290"}],"wp:attachment":[{"href":"https:\/\/blog.cancaonova.com\/paisecatequistas\/wp-json\/wp\/v2\/media?parent=16289"}],"wp:term":[{"taxonomy":"category","embeddable":true,"href":"https:\/\/blog.cancaonova.com\/paisecatequistas\/wp-json\/wp\/v2\/categories?post=16289"},{"taxonomy":"post_tag","embeddable":true,"href":"https:\/\/blog.cancaonova.com\/paisecatequistas\/wp-json\/wp\/v2\/tags?post=16289"}],"curies":[{"name":"wp","href":"https:\/\/api.w.org\/{rel}","templated":true}]}}