{"id":16389,"date":"2024-01-08T10:00:54","date_gmt":"2024-01-08T12:00:54","guid":{"rendered":"http:\/\/blog.cancaonova.com\/paisecatequistas\/?p=16389"},"modified":"2024-01-08T09:47:43","modified_gmt":"2024-01-08T11:47:43","slug":"nosso-2023-em-cancoes","status":"publish","type":"post","link":"https:\/\/blog.cancaonova.com\/paisecatequistas\/nosso-2023-em-cancoes\/","title":{"rendered":"Clipe | Nosso 2023 em can\u00e7\u00f5es"},"content":{"rendered":"<p>Para voc\u00ea relembrar e rezar: a <a href=\"https:\/\/www.instagram.com\/cancaonovakids\/\">Can\u00e7\u00e3o Nova Kids<\/a> e <a href=\"https:\/\/www.instagram.com\/thepoiint\/\">ThePoiint<\/a>\u00a0produziram um <em>medley<\/em> com as m\u00fasicas lan\u00e7adas em 2023.<\/p>\n<p>Prepare o seu cora\u00e7\u00e3o, em 2024 teremos novidades especiais!<\/p>\n<p><iframe loading=\"lazy\" title=\"Nosso 2023 em Can\u00c3\u00a7\u00c3\u00b5es\" width=\"600\" height=\"338\" src=\"https:\/\/www.youtube.com\/embed\/MUcjfZtSTlw?feature=oembed&amp;rel=0\" frameborder=\"0\" allow=\"accelerometer; autoplay; clipboard-write; encrypted-media; gyroscope; picture-in-picture; web-share\" referrerpolicy=\"strict-origin-when-cross-origin\" allowfullscreen><\/iframe><\/p>\n<p><em>H\u00e1 muito tempo tentando<\/em><\/p>\n<p><em> Voc\u00ea viu algo em mim<\/em><\/p>\n<p><em> Que eu nunca consegui <\/em><\/p>\n<p><em>T\u00f4 h\u00e1 muito tempo tentando<\/em><\/p>\n<p><em> Mas voc\u00ea j\u00e1 chegou me amando<\/em><\/p>\n<p><em> Voc\u00ea viu algo em mim<\/em><\/p>\n<p><em>Que eu nunca consegui <\/em><\/p>\n<p><em>T\u00f4 h\u00e1 muito tempo tentando<\/em><\/p>\n<p><em> Mas voc\u00ea j\u00e1 chegou me amando<\/em><\/p>\n<p><em> Quem eu sou <\/em><\/p>\n<p><em>Recebe quem eu sou tudo que eu tenho vou te confiar, <\/em><\/p>\n<p><em>Recebe quem eu sou tudo que eu tenho vou te confiar,<\/em><\/p>\n<p><em> Quem eu sou eu sou eu sou<\/em><\/p>\n<p><em> Eu vou eu vou eu vou <\/em><\/p>\n<p><em>Sede Santos<\/em><\/p>\n<p><em> N\u00e3o vou deixar nenhum pecado me impedir de ser Santo<\/em><\/p>\n<p><em> Santo, sede santo<\/em><\/p>\n<p><em>Gra\u00e7as e Louvores<\/em><\/p>\n<p><em> Toda honra e gl\u00f3ria <\/em><\/p>\n<p><em>Todo o louvor <\/em><\/p>\n<p><em>Sejam dados a ti, Senhor<\/em><\/p>\n<p><em> Toda honra e gl\u00f3ria <\/em><\/p>\n<p><em>Todo o louvor <\/em><\/p>\n<p><em>Sejam dados a ti, Senhor<\/em><\/p>\n<p><em>O que voc\u00ea quer ser Se for menino \u2026.. <\/em><\/p>\n<p><em>Um dia me perguntaram, <\/em><\/p>\n<p><em>o que voc\u00ea quer ser quando crescer<\/em><\/p>\n<p><em> Eu disse: santo, santo, santo<\/em><\/p>\n<p><em>Eu disse santa eu vou ser.<\/em><\/p>\n<p>@_biavaldez<\/p>\n<p>@sarahsabara<\/p>\n<p>@cancaonovakids<\/p>\n<p>@thepoiint<\/p>\n<p>Siga-nos nas redes sociais<\/p>\n<p>Facebook: @cancaonovakids<\/p>\n<p>Instagram: @cancaonovakids<\/p>\n<p>Twitter: @cancaonovakids<\/p>\n","protected":false},"excerpt":{"rendered":"<p>Para voc\u00ea relembrar e rezar: a Can\u00e7\u00e3o Nova Kids e ThePoiint, produziram um medley com as m\u00fasicas lan\u00e7adas em 2023.<\/p>\n<p>Prepare seu cora\u00e7\u00e3o, em 2024 teremos novidades especiais! <a href=\"https:\/\/blog.cancaonova.com\/paisecatequistas\/nosso-2023-em-cancoes\/\">Continue lendo <span class=\"meta-nav\">&rarr;<\/span><\/a><\/p>\n","protected":false},"author":4340,"featured_media":16390,"comment_status":"open","ping_status":"open","sticky":false,"template":"","format":"standard","meta":{"_mi_skip_tracking":false,"_monsterinsights_sitenote_active":false,"_monsterinsights_sitenote_note":"","_monsterinsights_sitenote_category":0,"footnotes":""},"categories":[200710],"tags":[201000,183449,218996,31070,99049,154385,62253,201095],"_links":{"self":[{"href":"https:\/\/blog.cancaonova.com\/paisecatequistas\/wp-json\/wp\/v2\/posts\/16389"}],"collection":[{"href":"https:\/\/blog.cancaonova.com\/paisecatequistas\/wp-json\/wp\/v2\/posts"}],"about":[{"href":"https:\/\/blog.cancaonova.com\/paisecatequistas\/wp-json\/wp\/v2\/types\/post"}],"author":[{"embeddable":true,"href":"https:\/\/blog.cancaonova.com\/paisecatequistas\/wp-json\/wp\/v2\/users\/4340"}],"replies":[{"embeddable":true,"href":"https:\/\/blog.cancaonova.com\/paisecatequistas\/wp-json\/wp\/v2\/comments?post=16389"}],"version-history":[{"count":5,"href":"https:\/\/blog.cancaonova.com\/paisecatequistas\/wp-json\/wp\/v2\/posts\/16389\/revisions"}],"predecessor-version":[{"id":16395,"href":"https:\/\/blog.cancaonova.com\/paisecatequistas\/wp-json\/wp\/v2\/posts\/16389\/revisions\/16395"}],"wp:featuredmedia":[{"embeddable":true,"href":"https:\/\/blog.cancaonova.com\/paisecatequistas\/wp-json\/wp\/v2\/media\/16390"}],"wp:attachment":[{"href":"https:\/\/blog.cancaonova.com\/paisecatequistas\/wp-json\/wp\/v2\/media?parent=16389"}],"wp:term":[{"taxonomy":"category","embeddable":true,"href":"https:\/\/blog.cancaonova.com\/paisecatequistas\/wp-json\/wp\/v2\/categories?post=16389"},{"taxonomy":"post_tag","embeddable":true,"href":"https:\/\/blog.cancaonova.com\/paisecatequistas\/wp-json\/wp\/v2\/tags?post=16389"}],"curies":[{"name":"wp","href":"https:\/\/api.w.org\/{rel}","templated":true}]}}