{"id":16396,"date":"2024-01-08T10:06:32","date_gmt":"2024-01-08T12:06:32","guid":{"rendered":"http:\/\/blog.cancaonova.com\/paisecatequistas\/?p=16396"},"modified":"2024-01-08T11:07:50","modified_gmt":"2024-01-08T13:07:50","slug":"podcast-o-barco-grandao","status":"publish","type":"post","link":"https:\/\/blog.cancaonova.com\/paisecatequistas\/podcast-o-barco-grandao\/","title":{"rendered":"PodCast - O barco grand\u00e3o"},"content":{"rendered":"<p>Voc\u00ea sabia que tem um espa\u00e7o especial todo dedicado \u00e0s crian\u00e7as na <a href=\"https:\/\/radio.cancaonova.com\/\">R\u00e1dio Can\u00e7\u00e3o Nova<\/a>?<\/p>\n<p>Sim! PodCast Cantinho da Crian\u00e7a com a Tia Fernanda, com muita m\u00fasica e historinhas.<\/p>\n<p>Vamos ouvir?<\/p>\n<p><iframe loading=\"lazy\" title=\"Podcast: O barco Grand\u00c3\u00a3o\" width=\"600\" height=\"338\" src=\"https:\/\/www.youtube.com\/embed\/YXf9MsWwM8s?feature=oembed&amp;rel=0\" frameborder=\"0\" allow=\"accelerometer; autoplay; clipboard-write; encrypted-media; gyroscope; picture-in-picture; web-share\" referrerpolicy=\"strict-origin-when-cross-origin\" allowfullscreen><\/iframe><\/p>\n","protected":false},"excerpt":{"rendered":"<p>Voc\u00ea sabia que tem um espa\u00e7o especial todo dedicado as crian\u00e7as na Radio Can\u00e7\u00e3o Nova?<\/p>\n<p>Sim! PodCast Cantinho da Crian\u00e7a com a Tia Fernanda com\u00a0 muita musica e historinhas<\/p>\n<p>Vamos ouvir?\u00a0 <a href=\"https:\/\/blog.cancaonova.com\/paisecatequistas\/podcast-o-barco-grandao\/\">Continue lendo <span class=\"meta-nav\">&rarr;<\/span><\/a><\/p>\n","protected":false},"author":4340,"featured_media":16397,"comment_status":"open","ping_status":"open","sticky":false,"template":"","format":"standard","meta":{"_mi_skip_tracking":false,"_monsterinsights_sitenote_active":false,"_monsterinsights_sitenote_note":"","_monsterinsights_sitenote_category":0,"footnotes":""},"categories":[200710],"tags":[16374,219000,62253,81,219001,218999],"_links":{"self":[{"href":"https:\/\/blog.cancaonova.com\/paisecatequistas\/wp-json\/wp\/v2\/posts\/16396"}],"collection":[{"href":"https:\/\/blog.cancaonova.com\/paisecatequistas\/wp-json\/wp\/v2\/posts"}],"about":[{"href":"https:\/\/blog.cancaonova.com\/paisecatequistas\/wp-json\/wp\/v2\/types\/post"}],"author":[{"embeddable":true,"href":"https:\/\/blog.cancaonova.com\/paisecatequistas\/wp-json\/wp\/v2\/users\/4340"}],"replies":[{"embeddable":true,"href":"https:\/\/blog.cancaonova.com\/paisecatequistas\/wp-json\/wp\/v2\/comments?post=16396"}],"version-history":[{"count":3,"href":"https:\/\/blog.cancaonova.com\/paisecatequistas\/wp-json\/wp\/v2\/posts\/16396\/revisions"}],"predecessor-version":[{"id":16401,"href":"https:\/\/blog.cancaonova.com\/paisecatequistas\/wp-json\/wp\/v2\/posts\/16396\/revisions\/16401"}],"wp:featuredmedia":[{"embeddable":true,"href":"https:\/\/blog.cancaonova.com\/paisecatequistas\/wp-json\/wp\/v2\/media\/16397"}],"wp:attachment":[{"href":"https:\/\/blog.cancaonova.com\/paisecatequistas\/wp-json\/wp\/v2\/media?parent=16396"}],"wp:term":[{"taxonomy":"category","embeddable":true,"href":"https:\/\/blog.cancaonova.com\/paisecatequistas\/wp-json\/wp\/v2\/categories?post=16396"},{"taxonomy":"post_tag","embeddable":true,"href":"https:\/\/blog.cancaonova.com\/paisecatequistas\/wp-json\/wp\/v2\/tags?post=16396"}],"curies":[{"name":"wp","href":"https:\/\/api.w.org\/{rel}","templated":true}]}}