{"id":16519,"date":"2024-02-01T20:37:05","date_gmt":"2024-02-01T22:37:05","guid":{"rendered":"http:\/\/blog.cancaonova.com\/paisecatequistas\/?p=16519"},"modified":"2024-03-07T13:07:11","modified_gmt":"2024-03-07T15:07:11","slug":"pe-jonas-ensina-deus-ama-voce","status":"publish","type":"post","link":"https:\/\/blog.cancaonova.com\/paisecatequistas\/pe-jonas-ensina-deus-ama-voce\/","title":{"rendered":"Deus ama voc\u00ea!"},"content":{"rendered":"<p>Aprendemos com Padre Jonas que Deus nos ama.<\/p>\n<p><em>&#8220;Eis o que diz o Senhor, aquele que te criou e te formou: nada temas, pois eu te resgato eu te chamo pelo nome \u00e9s meu.&#8221; (<\/em>Isa\u00edas 47,1-7)<\/p>\n<p>Eu me chamo Jonas, e eu sei que Deus me chama pelo nome.<\/p>\n<p>E qual \u00e9 o seu nome? Saiba que Deus chama voc\u00ea pelo seu nome, e como \u00e9 gostoso n\u00f3s sabermos que Deus nos chama pelo nome! E ele nos diz: \u00c9s Meu!<\/p>\n<p>Voc\u00ea \u00e9 de Deus. Eu sou de Deus. Eu e voc\u00ea pertencemos a Ele, e Ele nos ama com amor de Pai.<\/p>\n<p><iframe loading=\"lazy\" title=\"Pe. Jonas ensina: Deus ama voc\u00c3\u00aa\" width=\"600\" height=\"338\" src=\"https:\/\/www.youtube.com\/embed\/PJII6Qh37uM?feature=oembed&amp;rel=0\" frameborder=\"0\" allow=\"accelerometer; autoplay; clipboard-write; encrypted-media; gyroscope; picture-in-picture; web-share\" referrerpolicy=\"strict-origin-when-cross-origin\" allowfullscreen><\/iframe><\/p>\n","protected":false},"excerpt":{"rendered":"<p>Aprendemos com Padre Jonas que\u00a0Deus nos ama.<\/p>\n<p>&#8220;Eis o que diz o Senhor, aquele que te criou e te formou: nada temas, pois eu te resgato eu te chamo pelo nome \u00e9s meu.&#8221;\u00a0Isa\u00edas 47,1-7<\/p>\n<p>Eu me chamo Jonas, e eu sei que Deus me chama pelo nome. <a href=\"https:\/\/blog.cancaonova.com\/paisecatequistas\/pe-jonas-ensina-deus-ama-voce\/\">Continue lendo <span class=\"meta-nav\">&rarr;<\/span><\/a><\/p>\n","protected":false},"author":4340,"featured_media":16520,"comment_status":"open","ping_status":"open","sticky":false,"template":"","format":"standard","meta":{"_mi_skip_tracking":false,"_monsterinsights_sitenote_active":false,"_monsterinsights_sitenote_note":"","_monsterinsights_sitenote_category":0,"footnotes":""},"categories":[200710],"tags":[5011,219049,15975,28567,8181,17742],"_links":{"self":[{"href":"https:\/\/blog.cancaonova.com\/paisecatequistas\/wp-json\/wp\/v2\/posts\/16519"}],"collection":[{"href":"https:\/\/blog.cancaonova.com\/paisecatequistas\/wp-json\/wp\/v2\/posts"}],"about":[{"href":"https:\/\/blog.cancaonova.com\/paisecatequistas\/wp-json\/wp\/v2\/types\/post"}],"author":[{"embeddable":true,"href":"https:\/\/blog.cancaonova.com\/paisecatequistas\/wp-json\/wp\/v2\/users\/4340"}],"replies":[{"embeddable":true,"href":"https:\/\/blog.cancaonova.com\/paisecatequistas\/wp-json\/wp\/v2\/comments?post=16519"}],"version-history":[{"count":4,"href":"https:\/\/blog.cancaonova.com\/paisecatequistas\/wp-json\/wp\/v2\/posts\/16519\/revisions"}],"predecessor-version":[{"id":16835,"href":"https:\/\/blog.cancaonova.com\/paisecatequistas\/wp-json\/wp\/v2\/posts\/16519\/revisions\/16835"}],"wp:featuredmedia":[{"embeddable":true,"href":"https:\/\/blog.cancaonova.com\/paisecatequistas\/wp-json\/wp\/v2\/media\/16520"}],"wp:attachment":[{"href":"https:\/\/blog.cancaonova.com\/paisecatequistas\/wp-json\/wp\/v2\/media?parent=16519"}],"wp:term":[{"taxonomy":"category","embeddable":true,"href":"https:\/\/blog.cancaonova.com\/paisecatequistas\/wp-json\/wp\/v2\/categories?post=16519"},{"taxonomy":"post_tag","embeddable":true,"href":"https:\/\/blog.cancaonova.com\/paisecatequistas\/wp-json\/wp\/v2\/tags?post=16519"}],"curies":[{"name":"wp","href":"https:\/\/api.w.org\/{rel}","templated":true}]}}