{"id":16562,"date":"2024-02-09T12:58:54","date_gmt":"2024-02-09T14:58:54","guid":{"rendered":"http:\/\/blog.cancaonova.com\/paisecatequistas\/?p=16562"},"modified":"2024-02-09T15:14:13","modified_gmt":"2024-02-09T17:14:13","slug":"cinzas-na-cabeca","status":"publish","type":"post","link":"https:\/\/blog.cancaonova.com\/paisecatequistas\/cinzas-na-cabeca\/","title":{"rendered":"Quaresma, tempo de convers\u00e3o"},"content":{"rendered":"<p>As cinzas na cabe\u00e7a lembram-nos que somos p\u00f3 e ao p\u00f3 n\u00f3s havemos de tornar. Mas sobre este p\u00f3 que n\u00f3s somos, Deus soprou o seu Esp\u00edrito de vida &#8211; o Esp\u00edrito Santo.<\/p>\n<p>A Quaresma \u00e9 o tempo necess\u00e1rio para desligar a televis\u00e3o e abrir a B\u00edblia, o tempo para desligar o celular e conectar-se ao Evangelho, o tempo para deixar as reclama\u00e7\u00f5es, a pregui\u00e7a, as fofocas, as mentiras e tantas outras coisas que nos afastam de Deus e dos irm\u00e3os para crescermos na amizade com eles. \u00c9 tempo de verificar as estradas que estamos percorrendo, para encontrar o caminho que nos leva de volta \u00e0 Casa do Pai.<\/p>\n<p><a href=\"http:\/\/blog.cancaonova.com\/paisecatequistas\/files\/2024\/02\/145.jpg\"><img loading=\"lazy\" decoding=\"async\" class=\"size-full wp-image-16567 alignnone\" src=\"http:\/\/blog.cancaonova.com\/paisecatequistas\/files\/2024\/02\/145.jpg\" alt=\"\" width=\"1414\" height=\"2000\" srcset=\"https:\/\/blog.cancaonova.com\/paisecatequistas\/files\/2024\/02\/145.jpg 1414w, https:\/\/blog.cancaonova.com\/paisecatequistas\/files\/2024\/02\/145-212x300.jpg 212w, https:\/\/blog.cancaonova.com\/paisecatequistas\/files\/2024\/02\/145-768x1086.jpg 768w\" sizes=\"(max-width: 1414px) 100vw, 1414px\" \/><\/a><\/p>\n<p>No Calend\u00e1rio deste ano, escolha uma penit\u00eancia para fazer durante os 40 dias, lembre-se de fazer jejum \u00e0s sextas-feiras e de rezar a via-sacra.<\/p>\n<p>Vamos juntos percorrer este caminho?<\/p>\n<p>Escaneie o QR Code ao lado para imprimir o calend\u00e1rio em tamanho grande e percorrer o caminho que nos leva de volta \u00e0 casa do Pai.<\/p>\n<p>&nbsp;<\/p>\n","protected":false},"excerpt":{"rendered":"<p>As cinzas na cabe\u00e7a lembram-nos que somos p\u00f3 e ao p\u00f3 n\u00f3s havemos de tornar. Mas sobre este p\u00f3 que n\u00f3s somos, Deus soprou o seu Esp\u00edrito de vida &#8211; o Esp\u00edrito Santo. <a href=\"https:\/\/blog.cancaonova.com\/paisecatequistas\/cinzas-na-cabeca\/\">Continue lendo <span class=\"meta-nav\">&rarr;<\/span><\/a><\/p>\n","protected":false},"author":4340,"featured_media":16568,"comment_status":"open","ping_status":"open","sticky":false,"template":"","format":"standard","meta":{"_mi_skip_tracking":false,"_monsterinsights_sitenote_active":false,"_monsterinsights_sitenote_note":"","_monsterinsights_sitenote_category":0,"footnotes":""},"categories":[200710],"tags":[34,10561,15241,17238,15975,5721,6851,561,10241,17104],"_links":{"self":[{"href":"https:\/\/blog.cancaonova.com\/paisecatequistas\/wp-json\/wp\/v2\/posts\/16562"}],"collection":[{"href":"https:\/\/blog.cancaonova.com\/paisecatequistas\/wp-json\/wp\/v2\/posts"}],"about":[{"href":"https:\/\/blog.cancaonova.com\/paisecatequistas\/wp-json\/wp\/v2\/types\/post"}],"author":[{"embeddable":true,"href":"https:\/\/blog.cancaonova.com\/paisecatequistas\/wp-json\/wp\/v2\/users\/4340"}],"replies":[{"embeddable":true,"href":"https:\/\/blog.cancaonova.com\/paisecatequistas\/wp-json\/wp\/v2\/comments?post=16562"}],"version-history":[{"count":6,"href":"https:\/\/blog.cancaonova.com\/paisecatequistas\/wp-json\/wp\/v2\/posts\/16562\/revisions"}],"predecessor-version":[{"id":16574,"href":"https:\/\/blog.cancaonova.com\/paisecatequistas\/wp-json\/wp\/v2\/posts\/16562\/revisions\/16574"}],"wp:featuredmedia":[{"embeddable":true,"href":"https:\/\/blog.cancaonova.com\/paisecatequistas\/wp-json\/wp\/v2\/media\/16568"}],"wp:attachment":[{"href":"https:\/\/blog.cancaonova.com\/paisecatequistas\/wp-json\/wp\/v2\/media?parent=16562"}],"wp:term":[{"taxonomy":"category","embeddable":true,"href":"https:\/\/blog.cancaonova.com\/paisecatequistas\/wp-json\/wp\/v2\/categories?post=16562"},{"taxonomy":"post_tag","embeddable":true,"href":"https:\/\/blog.cancaonova.com\/paisecatequistas\/wp-json\/wp\/v2\/tags?post=16562"}],"curies":[{"name":"wp","href":"https:\/\/api.w.org\/{rel}","templated":true}]}}