{"id":16575,"date":"2024-02-13T11:57:08","date_gmt":"2024-02-13T13:57:08","guid":{"rendered":"http:\/\/blog.cancaonova.com\/paisecatequistas\/?p=16575"},"modified":"2026-02-10T15:59:23","modified_gmt":"2026-02-10T17:59:23","slug":"quaresma-kids-com-tia-adelita","status":"publish","type":"post","link":"https:\/\/blog.cancaonova.com\/paisecatequistas\/quaresma-kids-com-tia-adelita\/","title":{"rendered":"Santidade, virtudes, e muitas hist\u00f3rias"},"content":{"rendered":"<p>Nesta Quaresma, Tia Adelita faz um convite a todas as crian\u00e7as, pais e catequistas<\/p>\n<p>Ol\u00e1! Quero convidar voc\u00ea para vivermos a Quaresma juntos aqui no Can\u00e7\u00e3o Nova Kids.<\/p>\n<p>Juntos vamos aprender muitas coisas; e para come\u00e7ar, voc\u00ea sabe o que\u00a0 significa Quaresma?<\/p>\n<p>Quaresma vem do latim que significa 40 dias, e quer dizer que, por 40 dias, n\u00f3s vamos estar juntos, aqui no Can\u00e7\u00e3o Nova Kids, com uma historinha diferente por dia da vida dos Santos. E tem uma coisa muito legal que os santos viveram e aprenderam com Jesus: a viver\u00a0 as virtudes.<\/p>\n<p>Nesta Quaresma, n\u00f3s vamos aprender com a hist\u00f3ria do santo do dia uma virtude nova.<\/p>\n<p><iframe loading=\"lazy\" title=\"Quaresma C.N Kids\" width=\"600\" height=\"338\" src=\"https:\/\/www.youtube.com\/embed\/7b0pvIzzlKo?feature=oembed&amp;rel=0\" frameborder=\"0\" allow=\"accelerometer; autoplay; clipboard-write; encrypted-media; gyroscope; picture-in-picture; web-share\" referrerpolicy=\"strict-origin-when-cross-origin\" allowfullscreen><\/iframe><\/p>\n<p>Quarta-feira de Cinzas &#8211; S\u00e3o Joaquim e Santa Ana<\/p>\n<p><iframe loading=\"lazy\" title=\"Quaresma C.N Kids: Sa\u00cc\u0083o Joaquim e Santa Ana\" width=\"600\" height=\"338\" src=\"https:\/\/www.youtube.com\/embed\/szaF6ATDAs8?feature=oembed&amp;rel=0\" frameborder=\"0\" allow=\"accelerometer; autoplay; clipboard-write; encrypted-media; gyroscope; picture-in-picture; web-share\" referrerpolicy=\"strict-origin-when-cross-origin\" allowfullscreen><\/iframe><\/p>\n<p data-start=\"501\" data-end=\"822\">Conhe\u00e7a tamb\u00e9m o livro:<\/p>\n<p><a href=\"https:\/\/loja.cancaonova.com\/livro-da-quaresma-a-pascoa-com-calendario-e-atividade\"><img loading=\"lazy\" decoding=\"async\" class=\"wp-image-20139 alignnone\" src=\"http:\/\/blog.cancaonova.com\/paisecatequistas\/files\/2026\/02\/WhatsApp-Image-2026-02-09-at-15.18.15.jpeg\" alt=\"\" width=\"923\" height=\"519\" srcset=\"https:\/\/blog.cancaonova.com\/paisecatequistas\/files\/2026\/02\/WhatsApp-Image-2026-02-09-at-15.18.15.jpeg 1600w, https:\/\/blog.cancaonova.com\/paisecatequistas\/files\/2026\/02\/WhatsApp-Image-2026-02-09-at-15.18.15-300x169.jpeg 300w, https:\/\/blog.cancaonova.com\/paisecatequistas\/files\/2026\/02\/WhatsApp-Image-2026-02-09-at-15.18.15-768x432.jpeg 768w, https:\/\/blog.cancaonova.com\/paisecatequistas\/files\/2026\/02\/WhatsApp-Image-2026-02-09-at-15.18.15-384x216.jpeg 384w, https:\/\/blog.cancaonova.com\/paisecatequistas\/files\/2026\/02\/WhatsApp-Image-2026-02-09-at-15.18.15-512x288.jpeg 512w, https:\/\/blog.cancaonova.com\/paisecatequistas\/files\/2026\/02\/WhatsApp-Image-2026-02-09-at-15.18.15-1024x576.jpeg 1024w, https:\/\/blog.cancaonova.com\/paisecatequistas\/files\/2026\/02\/WhatsApp-Image-2026-02-09-at-15.18.15-1536x864.jpeg 1536w\" sizes=\"(max-width: 923px) 100vw, 923px\" \/><\/a><\/p>\n<p data-start=\"501\" data-end=\"822\">\u00a0Com linguagem acess\u00edvel e proposta familiar, o material ajuda pais e catequistas a conduzirem as crian\u00e7as e os jovens a viverem esse caminho com ora\u00e7\u00e3o, gestos concretos e reflex\u00e3o, redescobrindo o verdadeiro sentido da P\u00e1scoa: a vit\u00f3ria da vida nova que Jesus conquistou para n\u00f3s.<\/p>\n<p data-start=\"824\" data-end=\"946\">Uma oportunidade bonita de transformar a caminhada quaresmal em experi\u00eancia de f\u00e9 vivida dentro de casa e na catequese, pois este livro contem um material l\u00fadico e catequetico para viver durante os 40 dias que nos preparam e levam a P\u00e1scoa de Nosso Senhor Jesus Cristo.<\/p>\n<h3><span style=\"color: #0000ff\"><strong>Deixe seu coment\u00e1rio, ele \u00e9 muito importante para n\u00f3s!<\/strong><\/span><\/h3>\n","protected":false},"excerpt":{"rendered":"<p>Nesta Quaresma, Tia Adelita faz um convite a todas as crian\u00e7as, pais e catequistas<\/p>\n<p>Ol\u00e1,\u00a0 quero convidar voc\u00ea para n\u00f3s vivermos juntos aqui no Can\u00e7\u00e3o Nova Kids.<\/p>\n<p>Juntos vamos aprender muitas coisas e para come\u00e7ar voc\u00ea sabe o que\u00a0 significa Quaresma? <a href=\"https:\/\/blog.cancaonova.com\/paisecatequistas\/quaresma-kids-com-tia-adelita\/\">Continue lendo <span class=\"meta-nav\">&rarr;<\/span><\/a><\/p>\n","protected":false},"author":4340,"featured_media":16579,"comment_status":"closed","ping_status":"closed","sticky":false,"template":"","format":"standard","meta":{"_mi_skip_tracking":false,"_monsterinsights_sitenote_active":false,"_monsterinsights_sitenote_note":"","_monsterinsights_sitenote_category":0,"footnotes":""},"categories":[200710],"tags":[154184,221,561,791,6681],"_links":{"self":[{"href":"https:\/\/blog.cancaonova.com\/paisecatequistas\/wp-json\/wp\/v2\/posts\/16575"}],"collection":[{"href":"https:\/\/blog.cancaonova.com\/paisecatequistas\/wp-json\/wp\/v2\/posts"}],"about":[{"href":"https:\/\/blog.cancaonova.com\/paisecatequistas\/wp-json\/wp\/v2\/types\/post"}],"author":[{"embeddable":true,"href":"https:\/\/blog.cancaonova.com\/paisecatequistas\/wp-json\/wp\/v2\/users\/4340"}],"replies":[{"embeddable":true,"href":"https:\/\/blog.cancaonova.com\/paisecatequistas\/wp-json\/wp\/v2\/comments?post=16575"}],"version-history":[{"count":14,"href":"https:\/\/blog.cancaonova.com\/paisecatequistas\/wp-json\/wp\/v2\/posts\/16575\/revisions"}],"predecessor-version":[{"id":20168,"href":"https:\/\/blog.cancaonova.com\/paisecatequistas\/wp-json\/wp\/v2\/posts\/16575\/revisions\/20168"}],"wp:featuredmedia":[{"embeddable":true,"href":"https:\/\/blog.cancaonova.com\/paisecatequistas\/wp-json\/wp\/v2\/media\/16579"}],"wp:attachment":[{"href":"https:\/\/blog.cancaonova.com\/paisecatequistas\/wp-json\/wp\/v2\/media?parent=16575"}],"wp:term":[{"taxonomy":"category","embeddable":true,"href":"https:\/\/blog.cancaonova.com\/paisecatequistas\/wp-json\/wp\/v2\/categories?post=16575"},{"taxonomy":"post_tag","embeddable":true,"href":"https:\/\/blog.cancaonova.com\/paisecatequistas\/wp-json\/wp\/v2\/tags?post=16575"}],"curies":[{"name":"wp","href":"https:\/\/api.w.org\/{rel}","templated":true}]}}