{"id":16591,"date":"2024-02-15T12:28:59","date_gmt":"2024-02-15T14:28:59","guid":{"rendered":"http:\/\/blog.cancaonova.com\/paisecatequistas\/?p=16591"},"modified":"2024-02-15T13:11:49","modified_gmt":"2024-02-15T15:11:49","slug":"tia-adelita-e-feliz-mais-feliz-com-nossa-senhora","status":"publish","type":"post","link":"https:\/\/blog.cancaonova.com\/paisecatequistas\/tia-adelita-e-feliz-mais-feliz-com-nossa-senhora\/","title":{"rendered":"Tia Adelita e Feliz | Mais feliz com Nossa Senhora"},"content":{"rendered":"<p>Sabe quem traz muita alegria para o nosso cora\u00e7\u00e3o quando vem nos visitar?\u00a0A M\u00e3ezinha do C\u00e9u. Por isso, quando n\u00f3s rezamos o ter\u00e7o em fam\u00edlia, nosso cora\u00e7\u00e3o fica mais feliz!<\/p>\n<p><iframe loading=\"lazy\" title=\"Tia Adelita e Feliz |  Mais feliz com Nossa Senhora\" width=\"600\" height=\"338\" src=\"https:\/\/www.youtube.com\/embed\/Vb75vB6xC7M?list=PLNlRgLhNKHif4ldDfoj0h0C3uaKSc6EJ1&amp;rel=0\" frameborder=\"0\" allow=\"accelerometer; autoplay; clipboard-write; encrypted-media; gyroscope; picture-in-picture; web-share\" referrerpolicy=\"strict-origin-when-cross-origin\" allowfullscreen><\/iframe><\/p>\n<p>&nbsp;<\/p>\n","protected":false},"excerpt":{"rendered":"<p>Sabe quem traz muita alegria para o nosso cora\u00e7\u00e3o quando vem nos visitar?\u00a0A M\u00e3ezinha do C\u00e9u!<\/p>\n<p>E\u00a0 \u00e9 por isso que quando n\u00f3s rezamos o ter\u00e7o em fam\u00edlia, nosso cora\u00e7\u00e3o fica mais feliz. <a href=\"https:\/\/blog.cancaonova.com\/paisecatequistas\/tia-adelita-e-feliz-mais-feliz-com-nossa-senhora\/\">Continue lendo <span class=\"meta-nav\">&rarr;<\/span><\/a><\/p>\n","protected":false},"author":4340,"featured_media":16592,"comment_status":"open","ping_status":"open","sticky":false,"template":"","format":"standard","meta":{"_mi_skip_tracking":false,"_monsterinsights_sitenote_active":false,"_monsterinsights_sitenote_note":"","_monsterinsights_sitenote_category":0,"footnotes":""},"categories":[200710],"tags":[5011,16595,40,17058,32484,16908,17268,791],"_links":{"self":[{"href":"https:\/\/blog.cancaonova.com\/paisecatequistas\/wp-json\/wp\/v2\/posts\/16591"}],"collection":[{"href":"https:\/\/blog.cancaonova.com\/paisecatequistas\/wp-json\/wp\/v2\/posts"}],"about":[{"href":"https:\/\/blog.cancaonova.com\/paisecatequistas\/wp-json\/wp\/v2\/types\/post"}],"author":[{"embeddable":true,"href":"https:\/\/blog.cancaonova.com\/paisecatequistas\/wp-json\/wp\/v2\/users\/4340"}],"replies":[{"embeddable":true,"href":"https:\/\/blog.cancaonova.com\/paisecatequistas\/wp-json\/wp\/v2\/comments?post=16591"}],"version-history":[{"count":3,"href":"https:\/\/blog.cancaonova.com\/paisecatequistas\/wp-json\/wp\/v2\/posts\/16591\/revisions"}],"predecessor-version":[{"id":16598,"href":"https:\/\/blog.cancaonova.com\/paisecatequistas\/wp-json\/wp\/v2\/posts\/16591\/revisions\/16598"}],"wp:featuredmedia":[{"embeddable":true,"href":"https:\/\/blog.cancaonova.com\/paisecatequistas\/wp-json\/wp\/v2\/media\/16592"}],"wp:attachment":[{"href":"https:\/\/blog.cancaonova.com\/paisecatequistas\/wp-json\/wp\/v2\/media?parent=16591"}],"wp:term":[{"taxonomy":"category","embeddable":true,"href":"https:\/\/blog.cancaonova.com\/paisecatequistas\/wp-json\/wp\/v2\/categories?post=16591"},{"taxonomy":"post_tag","embeddable":true,"href":"https:\/\/blog.cancaonova.com\/paisecatequistas\/wp-json\/wp\/v2\/tags?post=16591"}],"curies":[{"name":"wp","href":"https:\/\/api.w.org\/{rel}","templated":true}]}}