{"id":16603,"date":"2024-02-16T11:43:05","date_gmt":"2024-02-16T13:43:05","guid":{"rendered":"http:\/\/blog.cancaonova.com\/paisecatequistas\/?p=16603"},"modified":"2026-02-10T16:27:11","modified_gmt":"2026-02-10T18:27:11","slug":"quaresma-kids-com-tia-adelita-sao-jose","status":"publish","type":"post","link":"https:\/\/blog.cancaonova.com\/paisecatequistas\/quaresma-kids-com-tia-adelita-sao-jose\/","title":{"rendered":"A obedi\u00eancia de S\u00e3o Jos\u00e9"},"content":{"rendered":"<p>Como voc\u00ea est\u00e1 vivendo a sua Quaresma?<\/p>\n<p>S\u00e3o Jos\u00e9 \u00e9 muito querido, porque \u00e9 o pai adotivo de Jesus e o esposo de Maria.<\/p>\n<p>S\u00e3o Jos\u00e9 foi muito, muito obediente a Deus. E quando soube que Maria estava esperando um bebezinho, ele sentiu que aquela miss\u00e3o era grande demais para ele, porque era s\u00f3 um pobre carpinteiro. Por\u00e9m, o Anjo apareceu no sonho e disse a Jos\u00e9: &#8220;<em>N\u00e3o tenha medo de receber Maria, aquela crian\u00e7a \u00e9 o filho de Deus&#8221;;\u00a0<\/em>e Jos\u00e9 aceitou a miss\u00e3o de ser o pai adotivo de Jesus e sempre foi um homem obediente a Deus.<\/p>\n<p>E tem algo a mais que a Tia Adelita quer nos contar, ent\u00e3o, assista ao v\u00eddeo abaixo:<\/p>\n<p><iframe loading=\"lazy\" title=\"Quaresma C.N Kids: A obedi\u00c3\u00aancia de S\u00c3\u00a3o Jos\u00c3\u00a9\" width=\"600\" height=\"338\" src=\"https:\/\/www.youtube.com\/embed\/3tirTnB8loI?feature=oembed&amp;rel=0\" frameborder=\"0\" allow=\"accelerometer; autoplay; clipboard-write; encrypted-media; gyroscope; picture-in-picture; web-share\" referrerpolicy=\"strict-origin-when-cross-origin\" allowfullscreen><\/iframe><\/p>\n","protected":false},"excerpt":{"rendered":"<p>Como voc\u00ea est\u00e1 vivendo a sua Quaresma ?<\/p>\n<p>A hist\u00f3ria de hoje \u00e9 de S\u00e3o Jos\u00e9.<\/p>\n<p>S\u00e3o Jos\u00e9, \u00e9 muito querido porque ele \u00e9 o pai adotivo de Jesus e esposo de Maria.\u00a0<\/p>\n<p>S\u00e3o Jos\u00e9 foi muito muito obediente a Deus .e quando soube que Maria estava esperando um bebezinho ele sentiu aquela miss\u00e3o grande demais para ele porque ele era s\u00f3 um pobre carpinteiro.\u00a0 Mas o Anjo apareceu no sonho e disse a Jos\u00e9: N\u00e3o tenha medo de receber Maria aquela crian\u00e7a \u00e9 o filho de Deus,\u00a0 e Jos\u00e9 aceitou a miss\u00e3o de ser o pai adotivo de Jesus e sempre foi um homem obediente a Deus.<\/p>\n<p> <a href=\"https:\/\/blog.cancaonova.com\/paisecatequistas\/quaresma-kids-com-tia-adelita-sao-jose\/\">Continue lendo <span class=\"meta-nav\">&rarr;<\/span><\/a><\/p>\n","protected":false},"author":4340,"featured_media":16605,"comment_status":"closed","ping_status":"closed","sticky":false,"template":"","format":"standard","meta":{"_mi_skip_tracking":false,"_monsterinsights_sitenote_active":false,"_monsterinsights_sitenote_note":"","_monsterinsights_sitenote_category":0,"footnotes":""},"categories":[200710],"tags":[5011,15975,221,18235,231,64994,561,11511,791],"_links":{"self":[{"href":"https:\/\/blog.cancaonova.com\/paisecatequistas\/wp-json\/wp\/v2\/posts\/16603"}],"collection":[{"href":"https:\/\/blog.cancaonova.com\/paisecatequistas\/wp-json\/wp\/v2\/posts"}],"about":[{"href":"https:\/\/blog.cancaonova.com\/paisecatequistas\/wp-json\/wp\/v2\/types\/post"}],"author":[{"embeddable":true,"href":"https:\/\/blog.cancaonova.com\/paisecatequistas\/wp-json\/wp\/v2\/users\/4340"}],"replies":[{"embeddable":true,"href":"https:\/\/blog.cancaonova.com\/paisecatequistas\/wp-json\/wp\/v2\/comments?post=16603"}],"version-history":[{"count":8,"href":"https:\/\/blog.cancaonova.com\/paisecatequistas\/wp-json\/wp\/v2\/posts\/16603\/revisions"}],"predecessor-version":[{"id":20172,"href":"https:\/\/blog.cancaonova.com\/paisecatequistas\/wp-json\/wp\/v2\/posts\/16603\/revisions\/20172"}],"wp:featuredmedia":[{"embeddable":true,"href":"https:\/\/blog.cancaonova.com\/paisecatequistas\/wp-json\/wp\/v2\/media\/16605"}],"wp:attachment":[{"href":"https:\/\/blog.cancaonova.com\/paisecatequistas\/wp-json\/wp\/v2\/media?parent=16603"}],"wp:term":[{"taxonomy":"category","embeddable":true,"href":"https:\/\/blog.cancaonova.com\/paisecatequistas\/wp-json\/wp\/v2\/categories?post=16603"},{"taxonomy":"post_tag","embeddable":true,"href":"https:\/\/blog.cancaonova.com\/paisecatequistas\/wp-json\/wp\/v2\/tags?post=16603"}],"curies":[{"name":"wp","href":"https:\/\/api.w.org\/{rel}","templated":true}]}}