{"id":16626,"date":"2024-02-19T09:57:49","date_gmt":"2024-02-19T11:57:49","guid":{"rendered":"http:\/\/blog.cancaonova.com\/paisecatequistas\/?p=16626"},"modified":"2026-02-10T15:21:12","modified_gmt":"2026-02-10T17:21:12","slug":"quaresma-kids-com-tia-adelita-joao-batista","status":"publish","type":"post","link":"https:\/\/blog.cancaonova.com\/paisecatequistas\/quaresma-kids-com-tia-adelita-joao-batista\/","title":{"rendered":"Jo\u00e3o Batista, o Profeta do Alt\u00edssimo"},"content":{"rendered":"<p>A hist\u00f3ria de hoje ser\u00e1 de S\u00e3o Jo\u00e3o Batista, o primo de Jesus!<\/p>\n<p>Esta linda hist\u00f3ria come\u00e7ou com Nossa Senhora quando Ela foi visitar sua prima Isabel.\u00a0 Nossa Senhora estava gr\u00e1vida do Menino Jesus; e, ao saudar Isabel, o beb\u00ea\u00a0 em\u00a0 seu ventre ficou cheio do Esp\u00edrito Santo.<\/p>\n<p>S\u00e3o Jo\u00e3o Batista foi sempre cheio do Esp\u00edrito Santo, ele anunciou com poder que Jesus estava chegando. Ele preparou as pessoas da \u00e9poca para a primeira vinda de Jesus. Foi S\u00e3o Jo\u00e3o Batista quem batizou Jesus e muitas outras pessoas, chamando-os \u00e0 convers\u00e3o e anunciando que o Messias viria. Ele preparou um povo para a primeira vinda de Jesus!<\/p>\n<p>Vamos conhecer mais sobre Jo\u00e3o Batista e contar para seus filhos, filhas e catequistas? Ent\u00e3o, assista ao v\u00eddeo abaixo:<\/p>\n<p><iframe loading=\"lazy\" title=\"Quaresma C.N Kids: S\u00c3\u00a3o Jo\u00c3\u00a3o Batista\" width=\"600\" height=\"338\" src=\"https:\/\/www.youtube.com\/embed\/0AAIRV0MLk8?feature=oembed&amp;rel=0\" frameborder=\"0\" allow=\"accelerometer; autoplay; clipboard-write; encrypted-media; gyroscope; picture-in-picture; web-share\" referrerpolicy=\"strict-origin-when-cross-origin\" allowfullscreen><\/iframe><\/p>\n","protected":false},"excerpt":{"rendered":"<p>A hist\u00f3ria de hoje ser\u00e1 de S\u00e3o Jo\u00e3o Batista, o primo de Jesus!<\/p>\n<p>Essa linda a hist\u00f3ria come\u00e7ou, com Nossa Senhora quando ela foi visitar a prima Isabel.\u00a0 Nossa Senhora estava gr\u00e1vida do Menino Jesus, e ao saudar Isabel, o beb\u00ea\u00a0 em\u00a0 seu ventre ficou cheio do Esp\u00edrito Santo. <a href=\"https:\/\/blog.cancaonova.com\/paisecatequistas\/quaresma-kids-com-tia-adelita-joao-batista\/\">Continue lendo <span class=\"meta-nav\">&rarr;<\/span><\/a><\/p>\n","protected":false},"author":4340,"featured_media":16628,"comment_status":"closed","ping_status":"closed","sticky":false,"template":"","format":"standard","meta":{"_mi_skip_tracking":false,"_monsterinsights_sitenote_active":false,"_monsterinsights_sitenote_note":"","_monsterinsights_sitenote_category":0,"footnotes":""},"categories":[200710],"tags":[8001,5721,221,23204,18235,561,791],"_links":{"self":[{"href":"https:\/\/blog.cancaonova.com\/paisecatequistas\/wp-json\/wp\/v2\/posts\/16626"}],"collection":[{"href":"https:\/\/blog.cancaonova.com\/paisecatequistas\/wp-json\/wp\/v2\/posts"}],"about":[{"href":"https:\/\/blog.cancaonova.com\/paisecatequistas\/wp-json\/wp\/v2\/types\/post"}],"author":[{"embeddable":true,"href":"https:\/\/blog.cancaonova.com\/paisecatequistas\/wp-json\/wp\/v2\/users\/4340"}],"replies":[{"embeddable":true,"href":"https:\/\/blog.cancaonova.com\/paisecatequistas\/wp-json\/wp\/v2\/comments?post=16626"}],"version-history":[{"count":9,"href":"https:\/\/blog.cancaonova.com\/paisecatequistas\/wp-json\/wp\/v2\/posts\/16626\/revisions"}],"predecessor-version":[{"id":20161,"href":"https:\/\/blog.cancaonova.com\/paisecatequistas\/wp-json\/wp\/v2\/posts\/16626\/revisions\/20161"}],"wp:featuredmedia":[{"embeddable":true,"href":"https:\/\/blog.cancaonova.com\/paisecatequistas\/wp-json\/wp\/v2\/media\/16628"}],"wp:attachment":[{"href":"https:\/\/blog.cancaonova.com\/paisecatequistas\/wp-json\/wp\/v2\/media?parent=16626"}],"wp:term":[{"taxonomy":"category","embeddable":true,"href":"https:\/\/blog.cancaonova.com\/paisecatequistas\/wp-json\/wp\/v2\/categories?post=16626"},{"taxonomy":"post_tag","embeddable":true,"href":"https:\/\/blog.cancaonova.com\/paisecatequistas\/wp-json\/wp\/v2\/tags?post=16626"}],"curies":[{"name":"wp","href":"https:\/\/api.w.org\/{rel}","templated":true}]}}