{"id":16658,"date":"2024-02-20T14:02:25","date_gmt":"2024-02-20T16:02:25","guid":{"rendered":"http:\/\/blog.cancaonova.com\/paisecatequistas\/?p=16658"},"modified":"2026-02-10T15:30:58","modified_gmt":"2026-02-10T17:30:58","slug":"quaresma-kids-com-tia-adelita-sao-tarcisio-e-eucaristia","status":"publish","type":"post","link":"https:\/\/blog.cancaonova.com\/paisecatequistas\/quaresma-kids-com-tia-adelita-sao-tarcisio-e-eucaristia\/","title":{"rendered":"S\u00e3o Tarc\u00edsio, um adolescente corajoso"},"content":{"rendered":"<p>S\u00e3o Tarc\u00edsio era um adolescente que viveu num tempo terr\u00edvel, onde as pessoas eram obrigadas a adorar o\u00a0 imperador, como se ele fosse um deus. E aqueles que se negavam a adora-lo eram jogadas aos le\u00f5es. Assim, muitos crist\u00e3os por n\u00e3o adorarem o imperador, foram mortos, pois sabiam que o \u00fanico Deus a ser adorado \u00e9 o Pai, o Filho e o Esp\u00edrito Santo. Tarc\u00edsio, na \u00e9poca, era apenas um adolescente, crist\u00e3o e corajoso.<\/p>\n<p>Vamos conhecer um pouco da sua hist\u00f3ria e aprender com ele a virtude do amor a Jesus nesta Quaresma?<\/p>\n<p><iframe loading=\"lazy\" title=\"Quaresma CN Kids: S\u00c3\u00a3o Tarc\u00c3\u00adsio e a Eucaristia\" width=\"600\" height=\"338\" src=\"https:\/\/www.youtube.com\/embed\/1ZF5W2rpjRc?feature=oembed&amp;rel=0\" frameborder=\"0\" allow=\"accelerometer; autoplay; clipboard-write; encrypted-media; gyroscope; picture-in-picture; web-share\" referrerpolicy=\"strict-origin-when-cross-origin\" allowfullscreen><\/iframe><\/p>\n","protected":false},"excerpt":{"rendered":"<p>S\u00e3o Tarc\u00edsio Tarc\u00edsio era um adolescente que viveu num tempo terr\u00edvel, onde as pessoas eram obrigadas a adorar o\u00a0 o Imperado, como se ele fosse um deus. E aqueles que se negavam a adora-lo eram jogadas aos le\u00f5es. Assim, muitos crist\u00e3os por n\u00e3o adorarem o imperador, foram mortos, pois sabiam que o \u00fanico Deus a ser adorado \u00e9 o Pai, o Filho e o Esp\u00edrito Santo.<\/p>\n<p>Tarc\u00edsio na \u00e9poca era apenas um adolescente, crist\u00e3o e corajoso. Vamos conhecer um pouco da sua hist\u00f3ria e aprender com ele a virtude do amor a Jesus nesta quaresma? <a href=\"https:\/\/blog.cancaonova.com\/paisecatequistas\/quaresma-kids-com-tia-adelita-sao-tarcisio-e-eucaristia\/\">Continue lendo <span class=\"meta-nav\">&rarr;<\/span><\/a><\/p>\n","protected":false},"author":4340,"featured_media":16660,"comment_status":"closed","ping_status":"closed","sticky":false,"template":"","format":"standard","meta":{"_mi_skip_tracking":false,"_monsterinsights_sitenote_active":false,"_monsterinsights_sitenote_note":"","_monsterinsights_sitenote_category":0,"footnotes":""},"categories":[200710],"tags":[9421,16595,8001,3671,201104,221,131324],"_links":{"self":[{"href":"https:\/\/blog.cancaonova.com\/paisecatequistas\/wp-json\/wp\/v2\/posts\/16658"}],"collection":[{"href":"https:\/\/blog.cancaonova.com\/paisecatequistas\/wp-json\/wp\/v2\/posts"}],"about":[{"href":"https:\/\/blog.cancaonova.com\/paisecatequistas\/wp-json\/wp\/v2\/types\/post"}],"author":[{"embeddable":true,"href":"https:\/\/blog.cancaonova.com\/paisecatequistas\/wp-json\/wp\/v2\/users\/4340"}],"replies":[{"embeddable":true,"href":"https:\/\/blog.cancaonova.com\/paisecatequistas\/wp-json\/wp\/v2\/comments?post=16658"}],"version-history":[{"count":5,"href":"https:\/\/blog.cancaonova.com\/paisecatequistas\/wp-json\/wp\/v2\/posts\/16658\/revisions"}],"predecessor-version":[{"id":20163,"href":"https:\/\/blog.cancaonova.com\/paisecatequistas\/wp-json\/wp\/v2\/posts\/16658\/revisions\/20163"}],"wp:featuredmedia":[{"embeddable":true,"href":"https:\/\/blog.cancaonova.com\/paisecatequistas\/wp-json\/wp\/v2\/media\/16660"}],"wp:attachment":[{"href":"https:\/\/blog.cancaonova.com\/paisecatequistas\/wp-json\/wp\/v2\/media?parent=16658"}],"wp:term":[{"taxonomy":"category","embeddable":true,"href":"https:\/\/blog.cancaonova.com\/paisecatequistas\/wp-json\/wp\/v2\/categories?post=16658"},{"taxonomy":"post_tag","embeddable":true,"href":"https:\/\/blog.cancaonova.com\/paisecatequistas\/wp-json\/wp\/v2\/tags?post=16658"}],"curies":[{"name":"wp","href":"https:\/\/api.w.org\/{rel}","templated":true}]}}