{"id":16694,"date":"2024-02-23T11:22:37","date_gmt":"2024-02-23T13:22:37","guid":{"rendered":"http:\/\/blog.cancaonova.com\/paisecatequistas\/?p=16694"},"modified":"2024-02-23T14:29:56","modified_gmt":"2024-02-23T16:29:56","slug":"quaresma-kids-com-tia-adelita-sao-pedro-e-barca","status":"publish","type":"post","link":"https:\/\/blog.cancaonova.com\/paisecatequistas\/quaresma-kids-com-tia-adelita-sao-pedro-e-barca\/","title":{"rendered":"Quaresma kids com a Tia Adelita : S\u00e3o Pedro e a Barca"},"content":{"rendered":"<p>Quando Jesus chamou S\u00e3o Pedro, ele estava pescando, pois sua profiss\u00e3o era pescador, junto com seus irm\u00e3os e amigos.<\/p>\n<p>Jesus, disse: &#8220;Vinde ap\u00f3s mim e vos farei pescadores de homens&#8221; (Mateus 4,19).<\/p>\n<p>Jesus tamb\u00e9m disse: &#8220;Pedro, tu \u00e9s pedra, e sobre esta pedra edificarei a minha Igreja; e as portas do inferno n\u00e3o prevalecer\u00e3o contra ela&#8221; (Mateus 16,13-19)<\/p>\n<h3>A Barca de Pedro \u00e9 a Igreja<\/h3>\n<p>Que coisa mais linda! E \u00e9 essa &#8220;Barca&#8221; que nos levar\u00e1 para o c\u00e9u, atrav\u00e9s dos sacramentos, da santa doutrina, pela Palavra de Deus.<\/p>\n<p>N\u00f3s temos, em uma m\u00e3o, a Palavra de Deus; na outra, o Catecismo; e sobre todos n\u00f3s o Manto da Virgem Maria.<\/p>\n<h3>S\u00e3o Pedro teve muito medo<\/h3>\n<p>O Esp\u00edrito Santo fez S\u00e3o Pedro ser muito corajoso, e este n\u00e3o temeu anunciar a verdade, que \u00e9 Jesus e tudo o que Ele ensinou.<\/p>\n<p>Juntos, podemos rezar pelo Santo Papa, para que Deus o guarde, dando-lhe sa\u00fade no corpo e na alma, para que, fiel a Deus, ele nos conduza sempre e cada dia mais para o C\u00e9u.<\/p>\n<p>Quer saber mais? Assista ao v\u00eddeo abaixo.<\/p>\n<p><iframe loading=\"lazy\" title=\"Quaresma CN Kids: S\u00c3\u00a3o Pedro e a Barca\" width=\"600\" height=\"338\" src=\"https:\/\/www.youtube.com\/embed\/aq4TOXlL77U?feature=oembed&amp;rel=0\" frameborder=\"0\" allow=\"accelerometer; autoplay; clipboard-write; encrypted-media; gyroscope; picture-in-picture; web-share\" referrerpolicy=\"strict-origin-when-cross-origin\" allowfullscreen><\/iframe><\/p>\n","protected":false},"excerpt":{"rendered":"<p>Quando Jesus chamou S\u00e3o Pedro, ele estava pescando, pois sua profiss\u00e3o era pescador, junto com seus irm\u00e3os e amigos.<\/p>\n<p>Jesus, disse: &#8220;Vinde ap\u00f3s mim e vos farei pescadores de homens&#8221; (Mateus 4,19)<\/p>\n<p>Jesus tamb\u00e9m disse: &#8220;Pedro, tu \u00e9s pedra, e sobre esta pedra edificarei a minha Igreja; e as portas do inferno n\u00e3o prevalecer\u00e3o contra ela&#8221; (Mateus 16,3-19).<\/p>\n<p>A Barca de Pedro \u00e9 a Igreja\u00a0<\/p>\n<p>Que coisa mais linda! E \u00e9 esta &#8220;Barca&#8221; que nos levar\u00e1 para o c\u00e9u, atrav\u00e9s dos sacramentos, da santa doutrina, pela Palavra de Deus.\u00a0<\/p>\n<p>N\u00f3s temos, em uma m\u00e3o, a Palavra de Deus; na outra, o Catecismo; e sobre todos n\u00f3s o Manto da Virgem Maria.<\/p>\n<p>S\u00e3o Pedro teve muito medo. <a href=\"https:\/\/blog.cancaonova.com\/paisecatequistas\/quaresma-kids-com-tia-adelita-sao-pedro-e-barca\/\">Continue lendo <span class=\"meta-nav\">&rarr;<\/span><\/a><\/p>\n","protected":false},"author":4340,"featured_media":16698,"comment_status":"open","ping_status":"open","sticky":false,"template":"","format":"standard","meta":{"_mi_skip_tracking":false,"_monsterinsights_sitenote_active":false,"_monsterinsights_sitenote_note":"","_monsterinsights_sitenote_category":0,"footnotes":""},"categories":[200710,1],"tags":[16780,28617,16619,32,2231,18180,561],"_links":{"self":[{"href":"https:\/\/blog.cancaonova.com\/paisecatequistas\/wp-json\/wp\/v2\/posts\/16694"}],"collection":[{"href":"https:\/\/blog.cancaonova.com\/paisecatequistas\/wp-json\/wp\/v2\/posts"}],"about":[{"href":"https:\/\/blog.cancaonova.com\/paisecatequistas\/wp-json\/wp\/v2\/types\/post"}],"author":[{"embeddable":true,"href":"https:\/\/blog.cancaonova.com\/paisecatequistas\/wp-json\/wp\/v2\/users\/4340"}],"replies":[{"embeddable":true,"href":"https:\/\/blog.cancaonova.com\/paisecatequistas\/wp-json\/wp\/v2\/comments?post=16694"}],"version-history":[{"count":4,"href":"https:\/\/blog.cancaonova.com\/paisecatequistas\/wp-json\/wp\/v2\/posts\/16694\/revisions"}],"predecessor-version":[{"id":16706,"href":"https:\/\/blog.cancaonova.com\/paisecatequistas\/wp-json\/wp\/v2\/posts\/16694\/revisions\/16706"}],"wp:featuredmedia":[{"embeddable":true,"href":"https:\/\/blog.cancaonova.com\/paisecatequistas\/wp-json\/wp\/v2\/media\/16698"}],"wp:attachment":[{"href":"https:\/\/blog.cancaonova.com\/paisecatequistas\/wp-json\/wp\/v2\/media?parent=16694"}],"wp:term":[{"taxonomy":"category","embeddable":true,"href":"https:\/\/blog.cancaonova.com\/paisecatequistas\/wp-json\/wp\/v2\/categories?post=16694"},{"taxonomy":"post_tag","embeddable":true,"href":"https:\/\/blog.cancaonova.com\/paisecatequistas\/wp-json\/wp\/v2\/tags?post=16694"}],"curies":[{"name":"wp","href":"https:\/\/api.w.org\/{rel}","templated":true}]}}