{"id":16701,"date":"2024-02-23T13:25:55","date_gmt":"2024-02-23T15:25:55","guid":{"rendered":"http:\/\/blog.cancaonova.com\/paisecatequistas\/?p=16701"},"modified":"2026-02-10T15:07:41","modified_gmt":"2026-02-10T17:07:41","slug":"quaresma-kids-com-tia-adelita-santa-catarina-doutora-da-igreja","status":"publish","type":"post","link":"https:\/\/blog.cancaonova.com\/paisecatequistas\/quaresma-kids-com-tia-adelita-santa-catarina-doutora-da-igreja\/","title":{"rendered":"Catarina, Santa e Doutora da Igreja"},"content":{"rendered":"<p>Santa Catarina de Sena era t\u00e3o cheia do Esp\u00edrito Santo, agraciada pelo dom da sabedoria, at\u00e9 o Santo Papa ouvia os seus conselhos.<\/p>\n<h3>N\u00e3o sabia ler nem escrever!<\/h3>\n<p>Voc\u00ea sabia que Catarina n\u00e3o sabia nem ler nem escrever?\u00a0 Na \u00e9poca em que ela viveu, poucos tinham acesso \u00e0 escola. A\u00ed contemplamos a for\u00e7a do Esp\u00edrito Santo que, encontrando um cora\u00e7\u00e3o humilde, p\u00f4de fazer maravilhas.<\/p>\n<p>Quer saber como isso tudo aconteceu? No v\u00eddeo eu te conto:<\/p>\n<p><iframe loading=\"lazy\" title=\"Quaresma CN Kids:  Santa Catarina, a Doutora da Igreja\" width=\"600\" height=\"338\" src=\"https:\/\/www.youtube.com\/embed\/cfwQ3_f1UWs?feature=oembed&amp;rel=0\" frameborder=\"0\" allow=\"accelerometer; autoplay; clipboard-write; encrypted-media; gyroscope; picture-in-picture; web-share\" referrerpolicy=\"strict-origin-when-cross-origin\" allowfullscreen><\/iframe><\/p>\n","protected":false},"excerpt":{"rendered":"<p>Santa Catarina de Sena era t\u00e3o cheia do Esp\u00edrito Santo, agraciada pelo Dom da Sabedoria que at\u00e9 o Santo Papa ouvia os seus conselhos.\u00a0<\/p>\n<p>N\u00e3o sabia ler nem escrever!<br \/>\nVoc\u00ea sabia que Catarina n\u00e3o sabia nem ler nem escrever?\u00a0 Na \u00e9poca em que ela viveu poucos tinham acesso a escola. Ai contemplamos a for\u00e7a do Esp\u00edrito Santo que encontrando um cora\u00e7\u00e3o humilde, pode fazer maravilhas.\u00a0<\/p>\n<p>Quer saber como isso tudo aconteceu? No v\u00eddeo eu te conto. <a href=\"https:\/\/blog.cancaonova.com\/paisecatequistas\/quaresma-kids-com-tia-adelita-santa-catarina-doutora-da-igreja\/\">Continue lendo <span class=\"meta-nav\">&rarr;<\/span><\/a><\/p>\n","protected":false},"author":4340,"featured_media":16703,"comment_status":"closed","ping_status":"closed","sticky":false,"template":"","format":"standard","meta":{"_mi_skip_tracking":false,"_monsterinsights_sitenote_active":false,"_monsterinsights_sitenote_note":"","_monsterinsights_sitenote_category":0,"footnotes":""},"categories":[200710],"tags":[73692,32,219073,24793],"_links":{"self":[{"href":"https:\/\/blog.cancaonova.com\/paisecatequistas\/wp-json\/wp\/v2\/posts\/16701"}],"collection":[{"href":"https:\/\/blog.cancaonova.com\/paisecatequistas\/wp-json\/wp\/v2\/posts"}],"about":[{"href":"https:\/\/blog.cancaonova.com\/paisecatequistas\/wp-json\/wp\/v2\/types\/post"}],"author":[{"embeddable":true,"href":"https:\/\/blog.cancaonova.com\/paisecatequistas\/wp-json\/wp\/v2\/users\/4340"}],"replies":[{"embeddable":true,"href":"https:\/\/blog.cancaonova.com\/paisecatequistas\/wp-json\/wp\/v2\/comments?post=16701"}],"version-history":[{"count":6,"href":"https:\/\/blog.cancaonova.com\/paisecatequistas\/wp-json\/wp\/v2\/posts\/16701\/revisions"}],"predecessor-version":[{"id":20156,"href":"https:\/\/blog.cancaonova.com\/paisecatequistas\/wp-json\/wp\/v2\/posts\/16701\/revisions\/20156"}],"wp:featuredmedia":[{"embeddable":true,"href":"https:\/\/blog.cancaonova.com\/paisecatequistas\/wp-json\/wp\/v2\/media\/16703"}],"wp:attachment":[{"href":"https:\/\/blog.cancaonova.com\/paisecatequistas\/wp-json\/wp\/v2\/media?parent=16701"}],"wp:term":[{"taxonomy":"category","embeddable":true,"href":"https:\/\/blog.cancaonova.com\/paisecatequistas\/wp-json\/wp\/v2\/categories?post=16701"},{"taxonomy":"post_tag","embeddable":true,"href":"https:\/\/blog.cancaonova.com\/paisecatequistas\/wp-json\/wp\/v2\/tags?post=16701"}],"curies":[{"name":"wp","href":"https:\/\/api.w.org\/{rel}","templated":true}]}}