{"id":16718,"date":"2024-02-26T10:37:03","date_gmt":"2024-02-26T12:37:03","guid":{"rendered":"http:\/\/blog.cancaonova.com\/paisecatequistas\/?p=16718"},"modified":"2026-02-18T11:34:43","modified_gmt":"2026-02-18T13:34:43","slug":"quaresma-kids-com-tia-adelita-sao-pedro-claver","status":"publish","type":"post","link":"https:\/\/blog.cancaonova.com\/paisecatequistas\/quaresma-kids-com-tia-adelita-sao-pedro-claver\/","title":{"rendered":"Quaresma Kids com a Tia Adelita  - S\u00e3o Pedro Claver, o um amigo dos escravos"},"content":{"rendered":"<h3>Espanhol e amigo dos escravos<\/h3>\n<p>Naquela \u00e9poca, h\u00e1 muitos e muitos anos, S\u00e3o Pedro Claver morava na Espanha, e ficou sabendo que estava para chegar um navio com escravos vindos da \u00c1frica para a Espanha. Ele n\u00e3o pensou duas vezes: pegou seu barquinho e remou at\u00e9 o navio, levando um saco cheio de comida e de rem\u00e9dios, pois aquelas pessoas feitas escravas precisavam muito. Isso n\u00e3o agradava aos soldados, mas ele nem se importava.<\/p>\n<h3>Deus est\u00e1 vendo<\/h3>\n<p>Ele curava as feridas, dava-lhes alimento, rezava e dava-lhes consolo. Com a presen\u00e7a de S\u00e3o Pedro, eles tinham um pouco de esperan\u00e7a. Mas essa hist\u00f3ria n\u00e3o acaba aqui! Vamos conhecer mais sobre S\u00e3o Pedro Claver com o v\u00eddeo Quaresma Kids, apresentado pela tia Adelita.<\/p>\n<p><iframe loading=\"lazy\" title=\"Quaresma CN Kids: S\u00c3\u00a3o Pedro Claver\" width=\"600\" height=\"338\" src=\"https:\/\/www.youtube.com\/embed\/unL7_q_eKNY?feature=oembed&amp;rel=0\" frameborder=\"0\" allow=\"accelerometer; autoplay; clipboard-write; encrypted-media; gyroscope; picture-in-picture; web-share\" referrerpolicy=\"strict-origin-when-cross-origin\" allowfullscreen><\/iframe><\/p>\n","protected":false},"excerpt":{"rendered":"<p>Naquela \u00e9poca, h\u00e1 muitos e muitos anos, S\u00e3o Pedro Claver morava na Espanha, e ficou sabendo que estava para chegar um navio com escravos vindos da \u00c1frica para a Espanha. Ele n\u00e3o pensou duas vezes: pegou seu barquinho e remou at\u00e9 o navio, levando um saco cheio de comida e de rem\u00e9dios, pois aquelas pessoas feitas escravas precisavam muito. Isso n\u00e3o agradava aos soldados, mas ele nem se importava. <a href=\"https:\/\/blog.cancaonova.com\/paisecatequistas\/quaresma-kids-com-tia-adelita-sao-pedro-claver\/\">Continue lendo <span class=\"meta-nav\">&rarr;<\/span><\/a><\/p>\n","protected":false},"author":4340,"featured_media":16720,"comment_status":"closed","ping_status":"closed","sticky":false,"template":"","format":"standard","meta":{"_mi_skip_tracking":false,"_monsterinsights_sitenote_active":false,"_monsterinsights_sitenote_note":"","_monsterinsights_sitenote_category":0,"footnotes":""},"categories":[200710],"tags":[17772,16619,26984,219074,8001,17059,9041,18235,19413,18180,791],"_links":{"self":[{"href":"https:\/\/blog.cancaonova.com\/paisecatequistas\/wp-json\/wp\/v2\/posts\/16718"}],"collection":[{"href":"https:\/\/blog.cancaonova.com\/paisecatequistas\/wp-json\/wp\/v2\/posts"}],"about":[{"href":"https:\/\/blog.cancaonova.com\/paisecatequistas\/wp-json\/wp\/v2\/types\/post"}],"author":[{"embeddable":true,"href":"https:\/\/blog.cancaonova.com\/paisecatequistas\/wp-json\/wp\/v2\/users\/4340"}],"replies":[{"embeddable":true,"href":"https:\/\/blog.cancaonova.com\/paisecatequistas\/wp-json\/wp\/v2\/comments?post=16718"}],"version-history":[{"count":5,"href":"https:\/\/blog.cancaonova.com\/paisecatequistas\/wp-json\/wp\/v2\/posts\/16718\/revisions"}],"predecessor-version":[{"id":20179,"href":"https:\/\/blog.cancaonova.com\/paisecatequistas\/wp-json\/wp\/v2\/posts\/16718\/revisions\/20179"}],"wp:featuredmedia":[{"embeddable":true,"href":"https:\/\/blog.cancaonova.com\/paisecatequistas\/wp-json\/wp\/v2\/media\/16720"}],"wp:attachment":[{"href":"https:\/\/blog.cancaonova.com\/paisecatequistas\/wp-json\/wp\/v2\/media?parent=16718"}],"wp:term":[{"taxonomy":"category","embeddable":true,"href":"https:\/\/blog.cancaonova.com\/paisecatequistas\/wp-json\/wp\/v2\/categories?post=16718"},{"taxonomy":"post_tag","embeddable":true,"href":"https:\/\/blog.cancaonova.com\/paisecatequistas\/wp-json\/wp\/v2\/tags?post=16718"}],"curies":[{"name":"wp","href":"https:\/\/api.w.org\/{rel}","templated":true}]}}