{"id":16724,"date":"2024-02-26T12:17:57","date_gmt":"2024-02-26T14:17:57","guid":{"rendered":"http:\/\/blog.cancaonova.com\/paisecatequistas\/?p=16724"},"modified":"2024-02-26T12:21:41","modified_gmt":"2024-02-26T14:21:41","slug":"cantinho-da-crianca-euforia-nao-e-alegria","status":"publish","type":"post","link":"https:\/\/blog.cancaonova.com\/paisecatequistas\/cantinho-da-crianca-euforia-nao-e-alegria\/","title":{"rendered":"Cantinho da Crian\u00e7a - Euforia n\u00e3o \u00e9 alegria"},"content":{"rendered":"<p>Enquanto as Sentinela, J\u00falia e Isadora est\u00e3o na pra\u00e7a, pensando em algo para se divertirem juntas, o Pirata Distra\u00e7\u00e3o esta procurando um jeito para as distrair?<\/p>\n<h3>Euforia x Alegria<\/h3>\n<p>Pirata distra\u00e7\u00e3o, inventa a &#8220;m\u00e1quina de euforia&#8221;, mas ser\u00e1 que ela ser\u00e1 capaz de fazer com que as Sentinelas confundam &#8220;Euforia&#8221; com &#8220;Alegria&#8221;.<\/p>\n<h3>Alegria \u00e9 fruto do Esp\u00edrito Santo<\/h3>\n<p>A Euforia ela vem de fora, e \u00e9 passageira. J\u00e1 a Alegria, fruto do Esp\u00edrito Santo, vem de dentro, vem do cora\u00e7\u00e3o. Pe\u00e7amos ao Esp\u00edrito Santo que nos d\u00ea a verdadeira Alegria.<\/p>\n<p>J\u00e1 pediu esta &#8220;alegria&#8221; para seu filho, filha, catequisando hoje?<\/p>\n<p>Mas vamos juntos, ver como essa hist\u00f3ria determina?<\/p>\n<p><iframe loading=\"lazy\" title=\"Sentinelas:  Euforia n\u00c3\u00a3o \u00c3\u00a9 alegria\" width=\"600\" height=\"338\" src=\"https:\/\/www.youtube.com\/embed\/xvqh4Gty-lM?feature=oembed&amp;rel=0\" frameborder=\"0\" allow=\"accelerometer; autoplay; clipboard-write; encrypted-media; gyroscope; picture-in-picture; web-share\" referrerpolicy=\"strict-origin-when-cross-origin\" allowfullscreen><\/iframe><\/p>\n","protected":false},"excerpt":{"rendered":"<p>Enquanto as Sentinela, J\u00falia e Isadora est\u00e3o na pra\u00e7a, pensando em algo para se divertirem juntas, o Pirata Distra\u00e7\u00e3o esta procurando um jeito para as distrair?<br \/>\nEuforia x Alegria<br \/>\nPirata distra\u00e7\u00e3o, inventa a &#8220;m\u00e1quina de euforia&#8221;, mas ser\u00e1 que ela ser\u00e1 capaz de fazer com que as Sentinelas confundam &#8220;Euforia&#8221; com &#8220;Alegria&#8221;.\u00a0 <a href=\"https:\/\/blog.cancaonova.com\/paisecatequistas\/cantinho-da-crianca-euforia-nao-e-alegria\/\">Continue lendo <span class=\"meta-nav\">&rarr;<\/span><\/a><\/p>\n","protected":false},"author":4340,"featured_media":16728,"comment_status":"open","ping_status":"open","sticky":false,"template":"","format":"standard","meta":{"_mi_skip_tracking":false,"_monsterinsights_sitenote_active":false,"_monsterinsights_sitenote_note":"","_monsterinsights_sitenote_category":0,"footnotes":""},"categories":[200710],"tags":[8911,16619,26984,189943,5721,24515,19413,30684],"_links":{"self":[{"href":"https:\/\/blog.cancaonova.com\/paisecatequistas\/wp-json\/wp\/v2\/posts\/16724"}],"collection":[{"href":"https:\/\/blog.cancaonova.com\/paisecatequistas\/wp-json\/wp\/v2\/posts"}],"about":[{"href":"https:\/\/blog.cancaonova.com\/paisecatequistas\/wp-json\/wp\/v2\/types\/post"}],"author":[{"embeddable":true,"href":"https:\/\/blog.cancaonova.com\/paisecatequistas\/wp-json\/wp\/v2\/users\/4340"}],"replies":[{"embeddable":true,"href":"https:\/\/blog.cancaonova.com\/paisecatequistas\/wp-json\/wp\/v2\/comments?post=16724"}],"version-history":[{"count":1,"href":"https:\/\/blog.cancaonova.com\/paisecatequistas\/wp-json\/wp\/v2\/posts\/16724\/revisions"}],"predecessor-version":[{"id":16729,"href":"https:\/\/blog.cancaonova.com\/paisecatequistas\/wp-json\/wp\/v2\/posts\/16724\/revisions\/16729"}],"wp:featuredmedia":[{"embeddable":true,"href":"https:\/\/blog.cancaonova.com\/paisecatequistas\/wp-json\/wp\/v2\/media\/16728"}],"wp:attachment":[{"href":"https:\/\/blog.cancaonova.com\/paisecatequistas\/wp-json\/wp\/v2\/media?parent=16724"}],"wp:term":[{"taxonomy":"category","embeddable":true,"href":"https:\/\/blog.cancaonova.com\/paisecatequistas\/wp-json\/wp\/v2\/categories?post=16724"},{"taxonomy":"post_tag","embeddable":true,"href":"https:\/\/blog.cancaonova.com\/paisecatequistas\/wp-json\/wp\/v2\/tags?post=16724"}],"curies":[{"name":"wp","href":"https:\/\/api.w.org\/{rel}","templated":true}]}}