{"id":16730,"date":"2024-02-27T09:55:44","date_gmt":"2024-02-27T11:55:44","guid":{"rendered":"http:\/\/blog.cancaonova.com\/paisecatequistas\/?p=16730"},"modified":"2024-02-27T11:58:01","modified_gmt":"2024-02-27T13:58:01","slug":"quaresma-com-tia-adelita-sao-lucas","status":"publish","type":"post","link":"https:\/\/blog.cancaonova.com\/paisecatequistas\/quaresma-com-tia-adelita-sao-lucas\/","title":{"rendered":"Quaresma com Tia Adelita | S\u00e3o Lucas"},"content":{"rendered":"<p>S\u00e3o Lucas era m\u00e9dico. Viveu na mesma \u00e9poca dos ap\u00f3stolos, mas n\u00e3o foi um dos doze. Quando ouviu falar de Jesus, Ele j\u00e1 havia morrido e ressuscitado.<\/p>\n<h3>Evangelho de S\u00e3o Lucas<\/h3>\n<p>S\u00e3o Lucas n\u00e3o se contentou em s\u00f3 ouvir falar de Jesus, queria saber mais, e foi at\u00e9 S\u00e3o Pedro, para ouvir e registrar tudo o que ele podia contar de Jesus. O mesmo fez com Nossa Senhora, ele queria contar a hist\u00f3ria de Jesus, quem Ele foi, como tudo come\u00e7ou. Por isso, \u00e9 o \u00fanico dos Evangelistas que narra desde o anuncio do Anjo a Nossa Senhora at\u00e9 a Ascen\u00e7\u00e3o de Jesus.<\/p>\n<h3><strong>Voc\u00ea sabia?<\/strong><\/h3>\n<p>H\u00e1 fatos narrados no Evangelho de S\u00e3o Lucas que n\u00e3o encontramos em nenhum outro, como o Magnificat, o C\u00e2ntico de Maria. Tia Adelita tem muito mais para contar, vamos ver?<\/p>\n<p><iframe loading=\"lazy\" title=\"Quaresma CN Kids: S\u00c3\u00a3o Lucas\" width=\"600\" height=\"338\" src=\"https:\/\/www.youtube.com\/embed\/1FYYkNrEneo?feature=oembed&amp;rel=0\" frameborder=\"0\" allow=\"accelerometer; autoplay; clipboard-write; encrypted-media; gyroscope; picture-in-picture; web-share\" referrerpolicy=\"strict-origin-when-cross-origin\" allowfullscreen><\/iframe><\/p>\n","protected":false},"excerpt":{"rendered":"<p>S\u00e3o Lucas, n\u00e3o se contentou em s\u00f3 ouvir falar de Jesus, queria saber mais, e foi at\u00e9 S\u00e3o Pedro, para ouvir e registrar tudo o que ele podia contar de Jesus. O mesmo fez com Nossa Senhora, ele queria contar a hist\u00f3ria de Jesus, quem ele foi, como tudo come\u00e7ou. Por isso, \u00e9 o \u00fanico dos Evangelistas que narra desde o anuncio do Anjo a Nossa Senhora at\u00e9 a Ascen\u00e7\u00e3o de Jesus. <a href=\"https:\/\/blog.cancaonova.com\/paisecatequistas\/quaresma-com-tia-adelita-sao-lucas\/\">Continue lendo <span class=\"meta-nav\">&rarr;<\/span><\/a><\/p>\n","protected":false},"author":4340,"featured_media":16731,"comment_status":"open","ping_status":"open","sticky":false,"template":"","format":"standard","meta":{"_mi_skip_tracking":false,"_monsterinsights_sitenote_active":false,"_monsterinsights_sitenote_note":"","_monsterinsights_sitenote_category":0,"footnotes":""},"categories":[200710],"tags":[18010,6851,23964,231,451,561,16208,791],"_links":{"self":[{"href":"https:\/\/blog.cancaonova.com\/paisecatequistas\/wp-json\/wp\/v2\/posts\/16730"}],"collection":[{"href":"https:\/\/blog.cancaonova.com\/paisecatequistas\/wp-json\/wp\/v2\/posts"}],"about":[{"href":"https:\/\/blog.cancaonova.com\/paisecatequistas\/wp-json\/wp\/v2\/types\/post"}],"author":[{"embeddable":true,"href":"https:\/\/blog.cancaonova.com\/paisecatequistas\/wp-json\/wp\/v2\/users\/4340"}],"replies":[{"embeddable":true,"href":"https:\/\/blog.cancaonova.com\/paisecatequistas\/wp-json\/wp\/v2\/comments?post=16730"}],"version-history":[{"count":3,"href":"https:\/\/blog.cancaonova.com\/paisecatequistas\/wp-json\/wp\/v2\/posts\/16730\/revisions"}],"predecessor-version":[{"id":16734,"href":"https:\/\/blog.cancaonova.com\/paisecatequistas\/wp-json\/wp\/v2\/posts\/16730\/revisions\/16734"}],"wp:featuredmedia":[{"embeddable":true,"href":"https:\/\/blog.cancaonova.com\/paisecatequistas\/wp-json\/wp\/v2\/media\/16731"}],"wp:attachment":[{"href":"https:\/\/blog.cancaonova.com\/paisecatequistas\/wp-json\/wp\/v2\/media?parent=16730"}],"wp:term":[{"taxonomy":"category","embeddable":true,"href":"https:\/\/blog.cancaonova.com\/paisecatequistas\/wp-json\/wp\/v2\/categories?post=16730"},{"taxonomy":"post_tag","embeddable":true,"href":"https:\/\/blog.cancaonova.com\/paisecatequistas\/wp-json\/wp\/v2\/tags?post=16730"}],"curies":[{"name":"wp","href":"https:\/\/api.w.org\/{rel}","templated":true}]}}