{"id":16736,"date":"2024-02-27T15:13:53","date_gmt":"2024-02-27T17:13:53","guid":{"rendered":"http:\/\/blog.cancaonova.com\/paisecatequistas\/?p=16736"},"modified":"2026-02-18T12:32:34","modified_gmt":"2026-02-18T14:32:34","slug":"16736","status":"publish","type":"post","link":"https:\/\/blog.cancaonova.com\/paisecatequistas\/16736\/","title":{"rendered":"Quaresma kids com Tia Adelita - Santa Teresa de Calcut\u00e1"},"content":{"rendered":"<h3>Voc\u00ea conhece a hist\u00f3ria de Santa Teresa de Calcut\u00e1?<\/h3>\n<p>Essa \u00e9 a linda hist\u00f3ria de uma pessoa que viveu, de maneira t\u00e3o simples e forte, a virtude da caridade.<\/p>\n<p>Podemos dizer que caridade \u00e9 quando a gente <em>&#8220;faz o bem sem olhar a quem&#8221;. <\/em><\/p>\n<p>Santa Teresa de Calcut\u00e1 morou na \u00cdndia por muitos anos e foi professora. Um dia, estava andando de trem quando viu um pobrezinho, l\u00e1 da janela, faminto, que estendeu a m\u00e3o e lhe disse: Tenho sede.<\/p>\n<p><strong>Era Jesus!<\/strong><\/p>\n<p>Ela n\u00e3o perdeu tempo, e resolveu matar a fome e a sede do pobre que, para ela, era o pr\u00f3prio Jesus com sede e com fome. Dedicou sua vida e miss\u00e3o aos pobres e fundou a Congrega\u00e7\u00e3o das Irm\u00e3zinhas da Caridade, que cuida dos pobres at\u00e9 hoje.<\/p>\n<p>Essa hist\u00f3ria, a Tia Adelita e a Juju querem contar para voc\u00ea no v\u00eddeo abaixo.<\/p>\n<p><iframe loading=\"lazy\" title=\"Quaresma CN Kids: Madre Teresa de Calcut\u00c3\u00a1\" width=\"600\" height=\"338\" src=\"https:\/\/www.youtube.com\/embed\/Z6qfTDw9O7o?feature=oembed&amp;rel=0\" frameborder=\"0\" allow=\"accelerometer; autoplay; clipboard-write; encrypted-media; gyroscope; picture-in-picture; web-share\" referrerpolicy=\"strict-origin-when-cross-origin\" allowfullscreen><\/iframe><\/p>\n","protected":false},"excerpt":{"rendered":"<p>Voc\u00ea conhece a hist\u00f3ria de Santa Madre Teresa de Calcut\u00e1?<br \/>\nEssa \u00e9 a linda hist\u00f3ria de uma pessoa que viveu de maneira t\u00e3o simples e forte a virtude da caridade.\u00a0<\/p>\n<p>Podemos dizer que caridade \u00e9 quando a gente &#8220;faz o bem sem olhar a quem&#8221;. \u00a0 <a href=\"https:\/\/blog.cancaonova.com\/paisecatequistas\/16736\/\">Continue lendo <span class=\"meta-nav\">&rarr;<\/span><\/a><\/p>\n","protected":false},"author":4340,"featured_media":16737,"comment_status":"closed","ping_status":"closed","sticky":false,"template":"","format":"standard","meta":{"_mi_skip_tracking":false,"_monsterinsights_sitenote_active":false,"_monsterinsights_sitenote_note":"","_monsterinsights_sitenote_category":0,"footnotes":""},"categories":[200710],"tags":[16619,26984,17845,19413,17863,219078],"_links":{"self":[{"href":"https:\/\/blog.cancaonova.com\/paisecatequistas\/wp-json\/wp\/v2\/posts\/16736"}],"collection":[{"href":"https:\/\/blog.cancaonova.com\/paisecatequistas\/wp-json\/wp\/v2\/posts"}],"about":[{"href":"https:\/\/blog.cancaonova.com\/paisecatequistas\/wp-json\/wp\/v2\/types\/post"}],"author":[{"embeddable":true,"href":"https:\/\/blog.cancaonova.com\/paisecatequistas\/wp-json\/wp\/v2\/users\/4340"}],"replies":[{"embeddable":true,"href":"https:\/\/blog.cancaonova.com\/paisecatequistas\/wp-json\/wp\/v2\/comments?post=16736"}],"version-history":[{"count":5,"href":"https:\/\/blog.cancaonova.com\/paisecatequistas\/wp-json\/wp\/v2\/posts\/16736\/revisions"}],"predecessor-version":[{"id":16742,"href":"https:\/\/blog.cancaonova.com\/paisecatequistas\/wp-json\/wp\/v2\/posts\/16736\/revisions\/16742"}],"wp:featuredmedia":[{"embeddable":true,"href":"https:\/\/blog.cancaonova.com\/paisecatequistas\/wp-json\/wp\/v2\/media\/16737"}],"wp:attachment":[{"href":"https:\/\/blog.cancaonova.com\/paisecatequistas\/wp-json\/wp\/v2\/media?parent=16736"}],"wp:term":[{"taxonomy":"category","embeddable":true,"href":"https:\/\/blog.cancaonova.com\/paisecatequistas\/wp-json\/wp\/v2\/categories?post=16736"},{"taxonomy":"post_tag","embeddable":true,"href":"https:\/\/blog.cancaonova.com\/paisecatequistas\/wp-json\/wp\/v2\/tags?post=16736"}],"curies":[{"name":"wp","href":"https:\/\/api.w.org\/{rel}","templated":true}]}}