{"id":16747,"date":"2024-02-28T10:49:19","date_gmt":"2024-02-28T12:49:19","guid":{"rendered":"http:\/\/blog.cancaonova.com\/paisecatequistas\/?p=16747"},"modified":"2025-06-12T12:11:29","modified_gmt":"2025-06-12T14:11:29","slug":"padre-jonas-ensina-maria-genesis-ao-apocalipse","status":"publish","type":"post","link":"https:\/\/blog.cancaonova.com\/paisecatequistas\/padre-jonas-ensina-maria-genesis-ao-apocalipse\/","title":{"rendered":"Padre Jonas ensina: Maria do G\u00eanesis ao Apocalipse"},"content":{"rendered":"<p>Padre Jonas nos ensina que Maria \u00e9 a Virgem do G\u00eanesis ao Apocalipse.<\/p>\n<h4>O Bel\u00edssimo Canto<\/h4>\n<p>Aquela que se encontrou com Isabel e proferiu este bel\u00edssimo canto &#8220;<em>Minha alma glorifica o Senhor, meu esp\u00edrito exulta em Deus meu Salvador&#8230;&#8221;<\/em>\u00a0\u00e9 a mesma que estava nas bodas de Can\u00e1, aos p\u00e9s da Cruz de Jesus e em Pentecostes.<\/p>\n<p>\u00c9 Ela nossa M\u00e3e e nosso ref\u00fagio.<\/p>\n<p><iframe loading=\"lazy\" title=\"Pe. Jonas ensina: Maria do G\u00c3\u00aanesis ao Apocalipse\" width=\"600\" height=\"338\" src=\"https:\/\/www.youtube.com\/embed\/gc5WCb7GZlU?feature=oembed&amp;rel=0\" frameborder=\"0\" allow=\"accelerometer; autoplay; clipboard-write; encrypted-media; gyroscope; picture-in-picture; web-share\" referrerpolicy=\"strict-origin-when-cross-origin\" allowfullscreen><\/iframe><\/p>\n","protected":false},"excerpt":{"rendered":"<p>Padre Jonas nos ensina que Maria \u00e9 a Virgem do Genesis ao Apocalipse.\u00a0<\/p>\n<p>O Bel\u00edssimo Canto<br \/>\nAquela que se encontrou com Isabel proferiu este bel\u00edssimo canto:\u00a0\u00a0Minha alma glorifica o Senhor, meu esp\u00edrito exulta em Deus meu Salvador&#8230;&#8221;\u00a0 <a href=\"https:\/\/blog.cancaonova.com\/paisecatequistas\/padre-jonas-ensina-maria-genesis-ao-apocalipse\/\">Continue lendo <span class=\"meta-nav\">&rarr;<\/span><\/a><\/p>\n","protected":false},"author":4340,"featured_media":19104,"comment_status":"closed","ping_status":"closed","sticky":false,"template":"","format":"standard","meta":{"_mi_skip_tracking":false,"_monsterinsights_sitenote_active":false,"_monsterinsights_sitenote_note":"","_monsterinsights_sitenote_category":0,"footnotes":""},"categories":[200710],"tags":[19392,16619,8001,29079,231,8181],"_links":{"self":[{"href":"https:\/\/blog.cancaonova.com\/paisecatequistas\/wp-json\/wp\/v2\/posts\/16747"}],"collection":[{"href":"https:\/\/blog.cancaonova.com\/paisecatequistas\/wp-json\/wp\/v2\/posts"}],"about":[{"href":"https:\/\/blog.cancaonova.com\/paisecatequistas\/wp-json\/wp\/v2\/types\/post"}],"author":[{"embeddable":true,"href":"https:\/\/blog.cancaonova.com\/paisecatequistas\/wp-json\/wp\/v2\/users\/4340"}],"replies":[{"embeddable":true,"href":"https:\/\/blog.cancaonova.com\/paisecatequistas\/wp-json\/wp\/v2\/comments?post=16747"}],"version-history":[{"count":5,"href":"https:\/\/blog.cancaonova.com\/paisecatequistas\/wp-json\/wp\/v2\/posts\/16747\/revisions"}],"predecessor-version":[{"id":17490,"href":"https:\/\/blog.cancaonova.com\/paisecatequistas\/wp-json\/wp\/v2\/posts\/16747\/revisions\/17490"}],"wp:featuredmedia":[{"embeddable":true,"href":"https:\/\/blog.cancaonova.com\/paisecatequistas\/wp-json\/wp\/v2\/media\/19104"}],"wp:attachment":[{"href":"https:\/\/blog.cancaonova.com\/paisecatequistas\/wp-json\/wp\/v2\/media?parent=16747"}],"wp:term":[{"taxonomy":"category","embeddable":true,"href":"https:\/\/blog.cancaonova.com\/paisecatequistas\/wp-json\/wp\/v2\/categories?post=16747"},{"taxonomy":"post_tag","embeddable":true,"href":"https:\/\/blog.cancaonova.com\/paisecatequistas\/wp-json\/wp\/v2\/tags?post=16747"}],"curies":[{"name":"wp","href":"https:\/\/api.w.org\/{rel}","templated":true}]}}