{"id":16755,"date":"2024-03-03T10:00:22","date_gmt":"2024-03-03T12:00:22","guid":{"rendered":"http:\/\/blog.cancaonova.com\/paisecatequistas\/?p=16755"},"modified":"2026-02-12T09:23:57","modified_gmt":"2026-02-12T11:23:57","slug":"catekids-quarema","status":"publish","type":"post","link":"https:\/\/blog.cancaonova.com\/paisecatequistas\/catekids-quarema\/","title":{"rendered":"Catekids - Quaresma o que \u00e9?"},"content":{"rendered":"<h3>O que \u00e9 Quaresma?<\/h3>\n<p>A Quaresma, como conhecemos, \u00e9 o per\u00edodo de prepara\u00e7\u00e3o para a celebra\u00e7\u00e3o da P\u00e1scoa, marcado por<br \/>\npr\u00e1ticas de penit\u00eancias como jejuns e obras de caridade.<\/p>\n<p>A palavra Quaresma vem do termo Quadrag\u00e9sima, que, em latim, significa quarenta dias. Essa associa\u00e7\u00e3o<br \/>\ndo termo com os quarenta dias tamb\u00e9m est\u00e1 presente em outros idiomas, como no espanhol, que se refere<br \/>\nao per\u00edodo como <em>Cuaresma,<\/em> no italiano <em>Quaresima,\u00a0<\/em>e no franc\u00eas <em>Car\u00eame.<\/em><\/p>\n<h3>Quando aconteceu?<\/h3>\n<p>\u00c9 uma pr\u00e1tica da Igreja Cat\u00f3lica que se consolidou no s\u00e9culo IV d.C., mais precisamente no ano de 325, quando ocorreu o primeiro Conc\u00edlio de Niceia. Esse Conc\u00edlio foi basicamente um encontro de bispos para debater quest\u00f5es importantes relativas \u00e0 f\u00e9 crist\u00e3 nos prim\u00f3rdios da Igreja. Na tradi\u00e7\u00e3o b\u00edblica, diversos acontecimentos se estenderam por um per\u00edodo que leva o n\u00famero 40.<\/p>\n<h3>Por exemplo:<\/h3>\n<p>O jejum de Jesus no deserto ocorreu durante 40 dias.<br \/>\nO dil\u00favio, do qual No\u00e9 sobreviveu, tamb\u00e9m levou 40 dias e 40 noites.<br \/>\nA travessia do deserto por Mois\u00e9s e os hebreus ocorreu em 40 anos.<\/p>\n<h3>O que se pratica na Quaresma?<\/h3>\n<p>Como vimos, a pr\u00e1tica do jejum \u00e9 observada por muitos fi\u00e9is durante os 40 dias de extens\u00e3o desse per\u00edodo. \u00c9 tradicional que aqueles que realizam o jejum n\u00e3o consumam carne vermelha, mas tamb\u00e9m existem outras formas de praticar o jejum, deixando algo de que gostamos muito. Comer doces, jogar com nosso brinquedo favorito e mais algumas coisas.<\/p>\n<p>Este ano, a Quaresma come\u00e7ou na quarta-feira , 18 de fevereiro, por isso \u00e9 importante que nossos cora\u00e7\u00f5es estejam preparados. Isso nos ajuda a nos tornarmos mais sens\u00edveis ao Esp\u00edrito de Deus, para que possamos ser amigos mais pr\u00f3ximos d&#8217;Ele.<\/p>\n<p>Uma aben\u00e7oada Quaresma!<\/p>\n","protected":false},"excerpt":{"rendered":"<p>O que \u00e9 Quaresma? A Quaresma, como conhecemos, \u00e9 o per\u00edodo de prepara\u00e7\u00e3o para a celebra\u00e7\u00e3o da P\u00e1scoa, marcado por pr\u00e1ticas de penit\u00eancias como jejuns e obras de caridade. A palavra Quaresma vem do termo Quadrag\u00e9sima, que, em latim, significa&#8230;<\/p>\n","protected":false},"author":4340,"featured_media":16759,"comment_status":"closed","ping_status":"closed","sticky":false,"template":"","format":"standard","meta":{"_mi_skip_tracking":false,"_monsterinsights_sitenote_active":false,"_monsterinsights_sitenote_note":"","_monsterinsights_sitenote_category":0,"footnotes":""},"categories":[200710],"tags":[154184,219082,17228,561],"_links":{"self":[{"href":"https:\/\/blog.cancaonova.com\/paisecatequistas\/wp-json\/wp\/v2\/posts\/16755"}],"collection":[{"href":"https:\/\/blog.cancaonova.com\/paisecatequistas\/wp-json\/wp\/v2\/posts"}],"about":[{"href":"https:\/\/blog.cancaonova.com\/paisecatequistas\/wp-json\/wp\/v2\/types\/post"}],"author":[{"embeddable":true,"href":"https:\/\/blog.cancaonova.com\/paisecatequistas\/wp-json\/wp\/v2\/users\/4340"}],"replies":[{"embeddable":true,"href":"https:\/\/blog.cancaonova.com\/paisecatequistas\/wp-json\/wp\/v2\/comments?post=16755"}],"version-history":[{"count":13,"href":"https:\/\/blog.cancaonova.com\/paisecatequistas\/wp-json\/wp\/v2\/posts\/16755\/revisions"}],"predecessor-version":[{"id":20174,"href":"https:\/\/blog.cancaonova.com\/paisecatequistas\/wp-json\/wp\/v2\/posts\/16755\/revisions\/20174"}],"wp:featuredmedia":[{"embeddable":true,"href":"https:\/\/blog.cancaonova.com\/paisecatequistas\/wp-json\/wp\/v2\/media\/16759"}],"wp:attachment":[{"href":"https:\/\/blog.cancaonova.com\/paisecatequistas\/wp-json\/wp\/v2\/media?parent=16755"}],"wp:term":[{"taxonomy":"category","embeddable":true,"href":"https:\/\/blog.cancaonova.com\/paisecatequistas\/wp-json\/wp\/v2\/categories?post=16755"},{"taxonomy":"post_tag","embeddable":true,"href":"https:\/\/blog.cancaonova.com\/paisecatequistas\/wp-json\/wp\/v2\/tags?post=16755"}],"curies":[{"name":"wp","href":"https:\/\/api.w.org\/{rel}","templated":true}]}}