{"id":16770,"date":"2024-02-29T11:07:39","date_gmt":"2024-02-29T13:07:39","guid":{"rendered":"http:\/\/blog.cancaonova.com\/paisecatequistas\/?p=16770"},"modified":"2026-02-18T13:21:44","modified_gmt":"2026-02-18T15:21:44","slug":"quaresma-com-tia-adelita-veneravel-odetinha","status":"publish","type":"post","link":"https:\/\/blog.cancaonova.com\/paisecatequistas\/quaresma-com-tia-adelita-veneravel-odetinha\/","title":{"rendered":"Vener\u00e1vel Odetinha - A Pequena Catequista"},"content":{"rendered":"<h3><strong>Uma menina chamada Odetinha<\/strong><\/h3>\n<p>Brasileira, nasceu em Botafogo, Rio de Janeiro. Hoje, encontra-se em processo de beatifica\u00e7\u00e3o, sendo j\u00e1 reconhecida pela Igreja Cat\u00f3lica como Vener\u00e1vel.<\/p>\n<h3><strong>Pequena catequista aos 5 anos <\/strong><\/h3>\n<p>Desde muito pequena, amava muito a Jesus. E, com apenas 5 anos, desde muito pequenina, j\u00e1 frequentando a catequese, tudo o que aprendia ensinava em casa para as duas filhinhas de uma mo\u00e7a que ajudava a sua m\u00e3e na limpeza da casa.<\/p>\n<h3>Jesus, um amor t\u00e3o grande<\/h3>\n<p>Odetinha fez sua Primeira Eucaristia aos 6 anos de idade. Aprendeu, logo cedo, a oferecer todo tipo sofrimento, grande ou pequeno, a Jesus, por amor.<\/p>\n<p>Quer saber mais, assista ao v\u00eddeo que preparamos com muito amor para voc\u00ea:<\/p>\n<p><iframe loading=\"lazy\" title=\"Quaresma CN Kids: Vener\u00c3\u00a1vel Odetinha\" width=\"600\" height=\"338\" src=\"https:\/\/www.youtube.com\/embed\/agB7h-7PrKc?feature=oembed&amp;rel=0\" frameborder=\"0\" allow=\"accelerometer; autoplay; clipboard-write; encrypted-media; gyroscope; picture-in-picture; web-share\" referrerpolicy=\"strict-origin-when-cross-origin\" allowfullscreen><\/iframe><\/p>\n","protected":false},"excerpt":{"rendered":"<p>Uma menina chamada Odetinha<br \/>\nBrasileira, nasceu em Botafogo, Rio de Janeiro. Hoje se encontra em processo de beatifica\u00e7\u00e3o, sendo j\u00e1 reconhecida pela Igreja Cat\u00f3lica como Vener\u00e1vel.\u00a0 <a href=\"https:\/\/blog.cancaonova.com\/paisecatequistas\/quaresma-com-tia-adelita-veneravel-odetinha\/\">Continue lendo <span class=\"meta-nav\">&rarr;<\/span><\/a><\/p>\n","protected":false},"author":4340,"featured_media":16771,"comment_status":"closed","ping_status":"closed","sticky":false,"template":"","format":"standard","meta":{"_mi_skip_tracking":false,"_monsterinsights_sitenote_active":false,"_monsterinsights_sitenote_note":"","_monsterinsights_sitenote_category":0,"footnotes":""},"categories":[200710],"tags":[6351,26984,8001,40,18235,19413,561,791,289859],"_links":{"self":[{"href":"https:\/\/blog.cancaonova.com\/paisecatequistas\/wp-json\/wp\/v2\/posts\/16770"}],"collection":[{"href":"https:\/\/blog.cancaonova.com\/paisecatequistas\/wp-json\/wp\/v2\/posts"}],"about":[{"href":"https:\/\/blog.cancaonova.com\/paisecatequistas\/wp-json\/wp\/v2\/types\/post"}],"author":[{"embeddable":true,"href":"https:\/\/blog.cancaonova.com\/paisecatequistas\/wp-json\/wp\/v2\/users\/4340"}],"replies":[{"embeddable":true,"href":"https:\/\/blog.cancaonova.com\/paisecatequistas\/wp-json\/wp\/v2\/comments?post=16770"}],"version-history":[{"count":4,"href":"https:\/\/blog.cancaonova.com\/paisecatequistas\/wp-json\/wp\/v2\/posts\/16770\/revisions"}],"predecessor-version":[{"id":18602,"href":"https:\/\/blog.cancaonova.com\/paisecatequistas\/wp-json\/wp\/v2\/posts\/16770\/revisions\/18602"}],"wp:featuredmedia":[{"embeddable":true,"href":"https:\/\/blog.cancaonova.com\/paisecatequistas\/wp-json\/wp\/v2\/media\/16771"}],"wp:attachment":[{"href":"https:\/\/blog.cancaonova.com\/paisecatequistas\/wp-json\/wp\/v2\/media?parent=16770"}],"wp:term":[{"taxonomy":"category","embeddable":true,"href":"https:\/\/blog.cancaonova.com\/paisecatequistas\/wp-json\/wp\/v2\/categories?post=16770"},{"taxonomy":"post_tag","embeddable":true,"href":"https:\/\/blog.cancaonova.com\/paisecatequistas\/wp-json\/wp\/v2\/tags?post=16770"}],"curies":[{"name":"wp","href":"https:\/\/api.w.org\/{rel}","templated":true}]}}