{"id":16798,"date":"2024-03-04T13:16:03","date_gmt":"2024-03-04T15:16:03","guid":{"rendered":"http:\/\/blog.cancaonova.com\/paisecatequistas\/?p=16798"},"modified":"2026-02-18T15:33:07","modified_gmt":"2026-02-18T17:33:07","slug":"quaresma-kids-com-tia-adelita-sao-juan-diego","status":"publish","type":"post","link":"https:\/\/blog.cancaonova.com\/paisecatequistas\/quaresma-kids-com-tia-adelita-sao-juan-diego\/","title":{"rendered":"Quaresma Kids com a tia Adelita: S\u00e3o Juan Diego, um pequeno indiozinho"},"content":{"rendered":"<h4><strong>Voc\u00ea j\u00e1 ouviu falar de Juan Diego, um \u00edndio mexicano que conquistou o mundo com a sua humildade e simplicidade?<\/strong><\/h4>\n<p>Juan Diego era um \u00edndio Asteca, da regi\u00e3o da atual cidade do M\u00e9xico. Seu nome Asteca era Cuauhtlatoatzin, cujo significado \u00e9 \u201c\u00e1guia que fala\u201d. Juan Diego \u00e9 seu nome crist\u00e3o. Ele nasceu no ano 1474, e era campon\u00eas.<\/p>\n<h4><strong>Juan Diego, o \u00edndio amado por Nossa Senhora<\/strong><\/h4>\n<p>No dia 9 de dezembro de 1531, Juan Diego caminhava para ir \u00e0 igreja, cerca das tr\u00eas horas da manh\u00e3. Estando entre sua vila e o monte Tepeyac, aconteceu a primeira apari\u00e7\u00e3o da Virgem de Guadalupe. No local, conhecido hoje como \u201cCapela do Cerrinho\u201d, Nossa Senhora apareceu e falou com Juan Diego na sua l\u00edngua nativa dizendo:<\/p>\n<p><em>\u201cJuan Dieguito\u201d, \u201co mais humilde de meus filhos\u201d,<\/em> <em>\u201cmeu filho ca\u00e7ula\u201d<\/em>.<\/p>\n<p>Mas como Juan Diego pode nos ajudar nesta Quaresma? Tia Adelita conta no v\u00eddeo abaixo:<\/p>\n<p><iframe loading=\"lazy\" title=\"Quaresma CN Kids: Juan Diego\" width=\"600\" height=\"338\" src=\"https:\/\/www.youtube.com\/embed\/nUL3s-uhf7U?feature=oembed&amp;rel=0\" frameborder=\"0\" allow=\"accelerometer; autoplay; clipboard-write; encrypted-media; gyroscope; picture-in-picture; web-share\" referrerpolicy=\"strict-origin-when-cross-origin\" allowfullscreen><\/iframe><\/p>\n","protected":false},"excerpt":{"rendered":"<p>Juan Diego era um \u00edndio Asteca, da regi\u00e3o da atual cidade do M\u00e9xico. Seu nome Asteca era Cuauhtlatoatzin, cujo significado \u00e9 \u201c\u00e1guia que fala\u201d. Juan Diego \u00e9 seu nome crist\u00e3o. Ele nasceu no ano 1474, e era campon\u00eas. <a href=\"https:\/\/blog.cancaonova.com\/paisecatequistas\/quaresma-kids-com-tia-adelita-sao-juan-diego\/\">Continue lendo <span class=\"meta-nav\">&rarr;<\/span><\/a><\/p>\n","protected":false},"author":4340,"featured_media":16802,"comment_status":"closed","ping_status":"closed","sticky":false,"template":"","format":"standard","meta":{"_mi_skip_tracking":false,"_monsterinsights_sitenote_active":false,"_monsterinsights_sitenote_note":"","_monsterinsights_sitenote_category":0,"footnotes":""},"categories":[200710],"tags":[5011,289799,16037,30738,18235,5111,451,561,791],"_links":{"self":[{"href":"https:\/\/blog.cancaonova.com\/paisecatequistas\/wp-json\/wp\/v2\/posts\/16798"}],"collection":[{"href":"https:\/\/blog.cancaonova.com\/paisecatequistas\/wp-json\/wp\/v2\/posts"}],"about":[{"href":"https:\/\/blog.cancaonova.com\/paisecatequistas\/wp-json\/wp\/v2\/types\/post"}],"author":[{"embeddable":true,"href":"https:\/\/blog.cancaonova.com\/paisecatequistas\/wp-json\/wp\/v2\/users\/4340"}],"replies":[{"embeddable":true,"href":"https:\/\/blog.cancaonova.com\/paisecatequistas\/wp-json\/wp\/v2\/comments?post=16798"}],"version-history":[{"count":7,"href":"https:\/\/blog.cancaonova.com\/paisecatequistas\/wp-json\/wp\/v2\/posts\/16798\/revisions"}],"predecessor-version":[{"id":20188,"href":"https:\/\/blog.cancaonova.com\/paisecatequistas\/wp-json\/wp\/v2\/posts\/16798\/revisions\/20188"}],"wp:featuredmedia":[{"embeddable":true,"href":"https:\/\/blog.cancaonova.com\/paisecatequistas\/wp-json\/wp\/v2\/media\/16802"}],"wp:attachment":[{"href":"https:\/\/blog.cancaonova.com\/paisecatequistas\/wp-json\/wp\/v2\/media?parent=16798"}],"wp:term":[{"taxonomy":"category","embeddable":true,"href":"https:\/\/blog.cancaonova.com\/paisecatequistas\/wp-json\/wp\/v2\/categories?post=16798"},{"taxonomy":"post_tag","embeddable":true,"href":"https:\/\/blog.cancaonova.com\/paisecatequistas\/wp-json\/wp\/v2\/tags?post=16798"}],"curies":[{"name":"wp","href":"https:\/\/api.w.org\/{rel}","templated":true}]}}