{"id":16813,"date":"2024-03-06T11:56:57","date_gmt":"2024-03-06T13:56:57","guid":{"rendered":"http:\/\/blog.cancaonova.com\/paisecatequistas\/?p=16813"},"modified":"2024-03-06T14:53:22","modified_gmt":"2024-03-06T16:53:22","slug":"quaresma-com-tia-adelita-santa-gemma-galgani-fe-que-cura","status":"publish","type":"post","link":"https:\/\/blog.cancaonova.com\/paisecatequistas\/quaresma-com-tia-adelita-santa-gemma-galgani-fe-que-cura\/","title":{"rendered":"Quaresma com a Tia Adelita | Santa Gemma Galgani, a f\u00e9 que cura"},"content":{"rendered":"<h3>Santa Gemma<\/h3>\n<p>Voc\u00ea sabia que Gemma significa joia em italiano? Quando nasceu, seu pai, ao v\u00ea-la, disse: &#8220;\u00c9 como uma &#8216;pedra preciosa&#8217; de t\u00e3o linda!&#8221;.<\/p>\n<h3>Uma menina piedosa<\/h3>\n<p>Desde a sua inf\u00e2ncia, Santa Gemma foi ensinada sobre o amor de Jesus e tamb\u00e9m sobre a f\u00e9 cat\u00f3lica.<\/p>\n<h3>Sorridente e alegre<\/h3>\n<p>Crescendo, Gemma perdeu seu papai e sua mam\u00e3e, ent\u00e3o, ela ficou \u00f3rf\u00e3 e foi morar na casa de uma outra pessoa. Aconteceu que ficou doente e, como os rem\u00e9dios que tomava eram muito fortes, o cabelinho dela caiu. Mesmo assim, Santa Gemma n\u00e3o perdeu o sorriso nem a alegria.<\/p>\n<h3>A beleza est\u00e1 no cora\u00e7\u00e3o<\/h3>\n<p>Descobriu que a beleza n\u00e3o est\u00e1 na apar\u00eancia ou nos cabelos longos ou curtos, e sim no cora\u00e7\u00e3o! Gemma amava muito a Jesus e tamb\u00e9m a M\u00e3ezinha do C\u00e9u.<\/p>\n<p><iframe loading=\"lazy\" title=\"Quaresma CN Kids: Santa Gemma Galgani\" width=\"600\" height=\"338\" src=\"https:\/\/www.youtube.com\/embed\/L62PX3al_98?feature=oembed&amp;rel=0\" frameborder=\"0\" allow=\"accelerometer; autoplay; clipboard-write; encrypted-media; gyroscope; picture-in-picture; web-share\" referrerpolicy=\"strict-origin-when-cross-origin\" allowfullscreen><\/iframe><\/p>\n","protected":false},"excerpt":{"rendered":"<p>Santa Gemma<br \/>\nVoc\u00ea sabia que Gemma significa em italiano j\u00f3ia?\u00a0 Quando nasceu, seu pai ao v\u00ea-la disse: &#8220;\u00c9 como uma pedra preciosa&#8221;, de t\u00e3o linda!<\/p>\n<p>Uma menina piedosa<br \/>\nDesde a inf\u00e2ncia, Santa Gemma foi ensinada sobre o amor de Jesus e a f\u00e9 cat\u00f3lica. <a href=\"https:\/\/blog.cancaonova.com\/paisecatequistas\/quaresma-com-tia-adelita-santa-gemma-galgani-fe-que-cura\/\">Continue lendo <span class=\"meta-nav\">&rarr;<\/span><\/a><\/p>\n","protected":false},"author":4340,"featured_media":16816,"comment_status":"open","ping_status":"open","sticky":false,"template":"","format":"standard","meta":{"_mi_skip_tracking":false,"_monsterinsights_sitenote_active":false,"_monsterinsights_sitenote_note":"","_monsterinsights_sitenote_category":0,"footnotes":""},"categories":[200710],"tags":[6351,16619,8001,6,2551,219089,219088,221],"_links":{"self":[{"href":"https:\/\/blog.cancaonova.com\/paisecatequistas\/wp-json\/wp\/v2\/posts\/16813"}],"collection":[{"href":"https:\/\/blog.cancaonova.com\/paisecatequistas\/wp-json\/wp\/v2\/posts"}],"about":[{"href":"https:\/\/blog.cancaonova.com\/paisecatequistas\/wp-json\/wp\/v2\/types\/post"}],"author":[{"embeddable":true,"href":"https:\/\/blog.cancaonova.com\/paisecatequistas\/wp-json\/wp\/v2\/users\/4340"}],"replies":[{"embeddable":true,"href":"https:\/\/blog.cancaonova.com\/paisecatequistas\/wp-json\/wp\/v2\/comments?post=16813"}],"version-history":[{"count":5,"href":"https:\/\/blog.cancaonova.com\/paisecatequistas\/wp-json\/wp\/v2\/posts\/16813\/revisions"}],"predecessor-version":[{"id":16824,"href":"https:\/\/blog.cancaonova.com\/paisecatequistas\/wp-json\/wp\/v2\/posts\/16813\/revisions\/16824"}],"wp:featuredmedia":[{"embeddable":true,"href":"https:\/\/blog.cancaonova.com\/paisecatequistas\/wp-json\/wp\/v2\/media\/16816"}],"wp:attachment":[{"href":"https:\/\/blog.cancaonova.com\/paisecatequistas\/wp-json\/wp\/v2\/media?parent=16813"}],"wp:term":[{"taxonomy":"category","embeddable":true,"href":"https:\/\/blog.cancaonova.com\/paisecatequistas\/wp-json\/wp\/v2\/categories?post=16813"},{"taxonomy":"post_tag","embeddable":true,"href":"https:\/\/blog.cancaonova.com\/paisecatequistas\/wp-json\/wp\/v2\/tags?post=16813"}],"curies":[{"name":"wp","href":"https:\/\/api.w.org\/{rel}","templated":true}]}}