{"id":16818,"date":"2024-03-06T13:43:39","date_gmt":"2024-03-06T15:43:39","guid":{"rendered":"http:\/\/blog.cancaonova.com\/paisecatequistas\/?p=16818"},"modified":"2026-03-25T10:17:34","modified_gmt":"2026-03-25T12:17:34","slug":"quaresma-kids-com-tia-adelita-sao-jeronimo","status":"publish","type":"post","link":"https:\/\/blog.cancaonova.com\/paisecatequistas\/quaresma-kids-com-tia-adelita-sao-jeronimo\/","title":{"rendered":"Quaresma kids - S\u00e3o Jer\u00f4nimo e a confiss\u00e3o"},"content":{"rendered":"<h3>Do grego para o latim<\/h3>\n<p>S\u00e3o Jer\u00f4nimo traduziu a B\u00edblia do grego (que poucos sabiam) para o latim, que, naquela \u00e9poca, todo mundo sabia.<\/p>\n<p>Passou muito tempo morando em uma caverna, dedicando-se a essa t\u00e3o importante miss\u00e3o: traduzir as Sagradas Escrituras.<\/p>\n<h3>Jer\u00f4nimo e o presente para o Menino Jesus<\/h3>\n<p>Um dia, ele estava estudando os documentos quando apareceu para ele o Menino Jesus, que lhe disse: &#8220;<em>O que voc\u00ea vai me dar de presente?&#8221;.\u00a0<\/em>Jer\u00f4nimo diz que j\u00e1 havia dado tudo o que tinha a Jesus: seus bens, seu tempo, seu cora\u00e7\u00e3o&#8230; Tudo!\u00a0Ent\u00e3o, sorrindo, o Menino Jesus lhe diz: &#8220;<em>Falta dar-Me os teus pecados!&#8221;.<\/em><\/p>\n<h3>E sabe o que Jer\u00f4nimo fez?<\/h3>\n<p>Correu e fez um bom exame de consci\u00eancia, procurou o sacerdote e confessou-se!<\/p>\n<p><iframe loading=\"lazy\" title=\"Quaresma CN Kids: S\u00c3\u00a3o Jer\u00c3\u00b4nimo\" width=\"600\" height=\"338\" src=\"https:\/\/www.youtube.com\/embed\/wEkv89Gve_Q?feature=oembed&amp;rel=0\" frameborder=\"0\" allow=\"accelerometer; autoplay; clipboard-write; encrypted-media; gyroscope; picture-in-picture; web-share\" referrerpolicy=\"strict-origin-when-cross-origin\" allowfullscreen><\/iframe><\/p>\n<p>&nbsp;<\/p>\n","protected":false},"excerpt":{"rendered":"<p>Do grego para o latim S\u00e3o Jer\u00f4nimo traduziu a B\u00edblia do grego (que poucos sabiam) para o latim, que, naquela \u00e9poca, todo mundo sabia. Passou muito tempo morando em uma caverna, dedicando-se a essa t\u00e3o importante miss\u00e3o: traduzir as Sagradas&#8230;<\/p>\n","protected":false},"author":4340,"featured_media":16832,"comment_status":"closed","ping_status":"closed","sticky":false,"template":"","format":"standard","meta":{"_mi_skip_tracking":false,"_monsterinsights_sitenote_active":false,"_monsterinsights_sitenote_note":"","_monsterinsights_sitenote_category":0,"footnotes":""},"categories":[200710],"tags":[34,5011,34573,55306,18055],"_links":{"self":[{"href":"https:\/\/blog.cancaonova.com\/paisecatequistas\/wp-json\/wp\/v2\/posts\/16818"}],"collection":[{"href":"https:\/\/blog.cancaonova.com\/paisecatequistas\/wp-json\/wp\/v2\/posts"}],"about":[{"href":"https:\/\/blog.cancaonova.com\/paisecatequistas\/wp-json\/wp\/v2\/types\/post"}],"author":[{"embeddable":true,"href":"https:\/\/blog.cancaonova.com\/paisecatequistas\/wp-json\/wp\/v2\/users\/4340"}],"replies":[{"embeddable":true,"href":"https:\/\/blog.cancaonova.com\/paisecatequistas\/wp-json\/wp\/v2\/comments?post=16818"}],"version-history":[{"count":10,"href":"https:\/\/blog.cancaonova.com\/paisecatequistas\/wp-json\/wp\/v2\/posts\/16818\/revisions"}],"predecessor-version":[{"id":20234,"href":"https:\/\/blog.cancaonova.com\/paisecatequistas\/wp-json\/wp\/v2\/posts\/16818\/revisions\/20234"}],"wp:featuredmedia":[{"embeddable":true,"href":"https:\/\/blog.cancaonova.com\/paisecatequistas\/wp-json\/wp\/v2\/media\/16832"}],"wp:attachment":[{"href":"https:\/\/blog.cancaonova.com\/paisecatequistas\/wp-json\/wp\/v2\/media?parent=16818"}],"wp:term":[{"taxonomy":"category","embeddable":true,"href":"https:\/\/blog.cancaonova.com\/paisecatequistas\/wp-json\/wp\/v2\/categories?post=16818"},{"taxonomy":"post_tag","embeddable":true,"href":"https:\/\/blog.cancaonova.com\/paisecatequistas\/wp-json\/wp\/v2\/tags?post=16818"}],"curies":[{"name":"wp","href":"https:\/\/api.w.org\/{rel}","templated":true}]}}