{"id":16828,"date":"2024-03-07T12:52:35","date_gmt":"2024-03-07T14:52:35","guid":{"rendered":"http:\/\/blog.cancaonova.com\/paisecatequistas\/?p=16828"},"modified":"2024-03-07T15:32:06","modified_gmt":"2024-03-07T17:32:06","slug":"sao-domingos-savio-e-misericordia","status":"publish","type":"post","link":"https:\/\/blog.cancaonova.com\/paisecatequistas\/sao-domingos-savio-e-misericordia\/","title":{"rendered":"S\u00e3o Domingos S\u00e1vio e a Miseric\u00f3rdia"},"content":{"rendered":"<h3>Pedras na estufa<\/h3>\n<p>Um dia, na escola de S\u00e3o Domingos S\u00e1vio, alguns colegas encheram de pedras uma estufa que tinha l\u00e1.<\/p>\n<p>E voc\u00eas acreditam, amiguinhos, eles colocaram a culpa em Domingos S\u00e1vio!? E o que acham que Domingos fez? Ele n\u00e3o falou nadinha\u2026 Ent\u00e3o, o diretor teve que adverti-lo (brigar com ele) publicamente, uma vez que tudo demonstrava que a culpa era de Domingos S\u00e1vio. Mas, no dia seguinte, o diretor descobriu que haviam sido os outros meninos\u2026<\/p>\n<h3>Tal qual Jesus!<\/h3>\n<p>Quando o diretor perguntou a Domingos S\u00e1vio porque n\u00e3o havia dito que n\u00e3o era sua culpa, ele respondeu: \u201cEu queria imitar Jesus\u201d.<\/p>\n<p>Assim como Jesus, ele foi acusado de algo que n\u00e3o havia feito.\u00a0Al\u00e9m disso, ele sabia que seria perdoado, pois era a sua primeira advert\u00eancia, enquanto os outros meninos j\u00e1 haviam feito muitas coisas erradas e poderiam ser expulsos da escola.<\/p>\n<h3>Miseric\u00f3rdia<\/h3>\n<p>Que maravilha! S\u00e3o Domingos S\u00e1vio soube ser misericordioso!<\/p>\n<p>E para nos assemelharmos a Jesus, devemos pedir a gra\u00e7a de sermos misericordiosos!<\/p>\n<p>Por isso, vamos rezar o Ter\u00e7o da Miseric\u00f3rdia no dia de hoje:<\/p>\n<p><iframe loading=\"lazy\" title=\"Quaresma CN Kids: S\u00c3\u00a3o Domingos S\u00c3\u00a1vio\" width=\"600\" height=\"338\" src=\"https:\/\/www.youtube.com\/embed\/fw1GIb6Ncnc?feature=oembed&amp;rel=0\" frameborder=\"0\" allow=\"accelerometer; autoplay; clipboard-write; encrypted-media; gyroscope; picture-in-picture; web-share\" referrerpolicy=\"strict-origin-when-cross-origin\" allowfullscreen><\/iframe><\/p>\n<p>&nbsp;<\/p>\n","protected":false},"excerpt":{"rendered":"<p>Pedras na estufa Um dia, na escola de S\u00e3o Domingos S\u00e1vio, alguns colegas encheram de pedras uma estufa que tinha l\u00e1. E voc\u00eas acreditam, amiguinhos, eles colocaram a culpa em Domingos S\u00e1vio!? E o que acham que Domingos fez? Ele&#8230;<\/p>\n","protected":false},"author":4340,"featured_media":16829,"comment_status":"open","ping_status":"open","sticky":false,"template":"","format":"standard","meta":{"_mi_skip_tracking":false,"_monsterinsights_sitenote_active":false,"_monsterinsights_sitenote_note":"","_monsterinsights_sitenote_category":0,"footnotes":""},"categories":[200710],"tags":[5011,25981,219091,221,18235,15899],"_links":{"self":[{"href":"https:\/\/blog.cancaonova.com\/paisecatequistas\/wp-json\/wp\/v2\/posts\/16828"}],"collection":[{"href":"https:\/\/blog.cancaonova.com\/paisecatequistas\/wp-json\/wp\/v2\/posts"}],"about":[{"href":"https:\/\/blog.cancaonova.com\/paisecatequistas\/wp-json\/wp\/v2\/types\/post"}],"author":[{"embeddable":true,"href":"https:\/\/blog.cancaonova.com\/paisecatequistas\/wp-json\/wp\/v2\/users\/4340"}],"replies":[{"embeddable":true,"href":"https:\/\/blog.cancaonova.com\/paisecatequistas\/wp-json\/wp\/v2\/comments?post=16828"}],"version-history":[{"count":4,"href":"https:\/\/blog.cancaonova.com\/paisecatequistas\/wp-json\/wp\/v2\/posts\/16828\/revisions"}],"predecessor-version":[{"id":16837,"href":"https:\/\/blog.cancaonova.com\/paisecatequistas\/wp-json\/wp\/v2\/posts\/16828\/revisions\/16837"}],"wp:featuredmedia":[{"embeddable":true,"href":"https:\/\/blog.cancaonova.com\/paisecatequistas\/wp-json\/wp\/v2\/media\/16829"}],"wp:attachment":[{"href":"https:\/\/blog.cancaonova.com\/paisecatequistas\/wp-json\/wp\/v2\/media?parent=16828"}],"wp:term":[{"taxonomy":"category","embeddable":true,"href":"https:\/\/blog.cancaonova.com\/paisecatequistas\/wp-json\/wp\/v2\/categories?post=16828"},{"taxonomy":"post_tag","embeddable":true,"href":"https:\/\/blog.cancaonova.com\/paisecatequistas\/wp-json\/wp\/v2\/tags?post=16828"}],"curies":[{"name":"wp","href":"https:\/\/api.w.org\/{rel}","templated":true}]}}