{"id":16860,"date":"2024-03-12T09:25:59","date_gmt":"2024-03-12T11:25:59","guid":{"rendered":"http:\/\/blog.cancaonova.com\/paisecatequistas\/?p=16860"},"modified":"2026-02-20T11:20:34","modified_gmt":"2026-02-20T13:20:34","slug":"familia-ulma-e-santidade-da-igreja-domestica","status":"publish","type":"post","link":"https:\/\/blog.cancaonova.com\/paisecatequistas\/familia-ulma-e-santidade-da-igreja-domestica\/","title":{"rendered":"Fam\u00edlia Ulma e a santidade da Igreja dom\u00e9stica"},"content":{"rendered":"<p>Os Ulma eram uma fam\u00edlia cat\u00f3lica judia polonesa que, durante a Segunda Guerra Mundial, acolheu e protegeu duas fam\u00edlias de judeus perseguidos pelos nazistas. Mesmo enfrentando o risco de serem descobertos e perseguidos, eles demonstraram coragem e solidariedade, agindo com compaix\u00e3o e amor ao pr\u00f3ximo.<\/p>\n<h3>Quem era os Ulma?<\/h3>\n<p>O pai, Josef, trabalhava no campo; e a m\u00e3e, Wiktoria, fazia os servi\u00e7os de casa, al\u00e9m de cuidar de seis filhos e daquele que estava para nascer.<\/p>\n<p>Vamos conhecer mais um pouquinho dessa linda fam\u00edlia com a Tia Adelita?<\/p>\n<p><iframe loading=\"lazy\" title=\"Quaresma CN Kids: Fam\u00c3\u00adlia Ulma\" width=\"600\" height=\"338\" src=\"https:\/\/www.youtube.com\/embed\/3bGlB4DOGYA?feature=oembed&amp;rel=0\" frameborder=\"0\" allow=\"accelerometer; autoplay; clipboard-write; encrypted-media; gyroscope; picture-in-picture; web-share\" referrerpolicy=\"strict-origin-when-cross-origin\" allowfullscreen><\/iframe><\/p>\n<p>&nbsp;<\/p>\n","protected":false},"excerpt":{"rendered":"<p>Os Ulma eram uma fam\u00edlia cat\u00f3lica judia polonesa, que durante a Segunda Guerra Mundial, acolheu e protegeu duas fam\u00edlias de judeus perseguidos pelos nazistas. Mesmo enfrentando o risco de serem descobertos e perseguidos, eles demonstraram coragem e solidariedade, agindo com compaix\u00e3o e amor ao pr\u00f3ximo. <a href=\"https:\/\/blog.cancaonova.com\/paisecatequistas\/familia-ulma-e-santidade-da-igreja-domestica\/\">Continue lendo <span class=\"meta-nav\">&rarr;<\/span><\/a><\/p>\n","protected":false},"author":4340,"featured_media":16861,"comment_status":"closed","ping_status":"closed","sticky":false,"template":"","format":"standard","meta":{"_mi_skip_tracking":false,"_monsterinsights_sitenote_active":false,"_monsterinsights_sitenote_note":"","_monsterinsights_sitenote_category":0,"footnotes":""},"categories":[200710,289591],"tags":[17140,16619,8001,40,721,289599],"_links":{"self":[{"href":"https:\/\/blog.cancaonova.com\/paisecatequistas\/wp-json\/wp\/v2\/posts\/16860"}],"collection":[{"href":"https:\/\/blog.cancaonova.com\/paisecatequistas\/wp-json\/wp\/v2\/posts"}],"about":[{"href":"https:\/\/blog.cancaonova.com\/paisecatequistas\/wp-json\/wp\/v2\/types\/post"}],"author":[{"embeddable":true,"href":"https:\/\/blog.cancaonova.com\/paisecatequistas\/wp-json\/wp\/v2\/users\/4340"}],"replies":[{"embeddable":true,"href":"https:\/\/blog.cancaonova.com\/paisecatequistas\/wp-json\/wp\/v2\/comments?post=16860"}],"version-history":[{"count":3,"href":"https:\/\/blog.cancaonova.com\/paisecatequistas\/wp-json\/wp\/v2\/posts\/16860\/revisions"}],"predecessor-version":[{"id":16864,"href":"https:\/\/blog.cancaonova.com\/paisecatequistas\/wp-json\/wp\/v2\/posts\/16860\/revisions\/16864"}],"wp:featuredmedia":[{"embeddable":true,"href":"https:\/\/blog.cancaonova.com\/paisecatequistas\/wp-json\/wp\/v2\/media\/16861"}],"wp:attachment":[{"href":"https:\/\/blog.cancaonova.com\/paisecatequistas\/wp-json\/wp\/v2\/media?parent=16860"}],"wp:term":[{"taxonomy":"category","embeddable":true,"href":"https:\/\/blog.cancaonova.com\/paisecatequistas\/wp-json\/wp\/v2\/categories?post=16860"},{"taxonomy":"post_tag","embeddable":true,"href":"https:\/\/blog.cancaonova.com\/paisecatequistas\/wp-json\/wp\/v2\/tags?post=16860"}],"curies":[{"name":"wp","href":"https:\/\/api.w.org\/{rel}","templated":true}]}}