{"id":16865,"date":"2024-03-12T13:17:39","date_gmt":"2024-03-12T15:17:39","guid":{"rendered":"http:\/\/blog.cancaonova.com\/paisecatequistas\/?p=16865"},"modified":"2026-02-20T11:49:26","modified_gmt":"2026-02-20T13:49:26","slug":"sao-joao-paulo-ii-e-nossa-senhora","status":"publish","type":"post","link":"https:\/\/blog.cancaonova.com\/paisecatequistas\/sao-joao-paulo-ii-e-nossa-senhora\/","title":{"rendered":"S\u00e3o Jo\u00e3o Paulo II e o Santo Ros\u00e1rio"},"content":{"rendered":"<h3>Totus Tuus Mariae<\/h3>\n<p>S\u00e3o Jo\u00e3o Paulo II era apaixonado por Nossa Senhora, e o lema papal dele foi\u00a0<em>Totus tuus Mariae, frase\u00a0<\/em>em Latim que significa &#8216;Todo Teu, Maria&#8217;\u00a0em portugu\u00eas.<\/p>\n<p>Voc\u00ea sabia que foi S\u00e3o Jo\u00e3o Paulo II quem inseriu o Mist\u00e9rio Luminoso no Ros\u00e1rio?<\/p>\n<h3>O Ros\u00e1rio da Virgem Maria era composto por tr\u00eas mist\u00e9rios:<\/h3>\n<ul>\n<li>Mist\u00e9rios Gozosos, que nos fazem contemplar desde o an\u00fancio do Anjo a Nossa Senhora at\u00e9 a perda e o reencontro do Menino Jesus aos 12 anos no templo;<\/li>\n<li>Mist\u00e9rios Dolorosos, que contemplamos desde a Agonia de Jesus no Horto das Oliveiras at\u00e9 a sua Crucifica\u00e7\u00e3o e Morte.<\/li>\n<li>Mist\u00e9rios Gloriosos, que contemplamos da Ressurrei\u00e7\u00e3o de Jesus at\u00e9 a Coroa\u00e7\u00e3o de Nossa Senhora como Rainha e M\u00e3e do C\u00e9u.<\/li>\n<\/ul>\n<h3>Os Mist\u00e9rios Luminosos<\/h3>\n<p>S\u00e3o Jo\u00e3o Paulo II percebeu, no entanto, que faltava meditarmos a vida p\u00fablica de Jesus, os Seus primeiros milagres e tantos outros acontecimentos importantes. Ent\u00e3o, ele escreveu os Mist\u00e9rios Luminosos onde contemplamos:<\/p>\n<ul>\n<li class=\"TrT0Xe\">O Batismo de Nosso Senhor Jesus Cristo<\/li>\n<li class=\"TrT0Xe\">Jesus realiza o milagre em Can\u00e1<\/li>\n<li class=\"TrT0Xe\">Anuncia\u00e7\u00e3o do Reino de Deus<\/li>\n<li class=\"TrT0Xe\">A transfigura\u00e7\u00e3o do Senhor<\/li>\n<li class=\"TrT0Xe\">A Institui\u00e7\u00e3o da Eucaristia<\/li>\n<\/ul>\n<h4><a href=\"https:\/\/blog.cancaonova.com\/paisecatequistas\/viva-nossa-senhora-do-rosario\/\">Nossa Senhora do Ros\u00e1rio\u00a0<\/a><\/h4>\n<h4 class=\" entry-title \"><a href=\"https:\/\/blog.cancaonova.com\/paisecatequistas\/e-importante-rezar-o-terco-e-reza-lo-bem\/\">\u00c9 importante rezar o ter\u00e7o, e rez\u00e1-lo bem!<\/a><\/h4>\n","protected":false},"excerpt":{"rendered":"<p>Totus tuus Mariae<br \/>\nS\u00e3o Jo\u00e3o Paulo II era apaixonado por Nossa Senhora lema papau dele foi\u00a0\u00a0Totus tuus Mariae,\u00a0\u00a0que se escreve em Latim, e que em portugu\u00eas significa: Todo Teu Maria.<\/p>\n<p>Voc\u00ea sabia, que foi S\u00e3o Jo\u00e3o Paulo II que inseriu no Ros\u00e1rio o Mist\u00e9rio Luminoso?<\/p>\n<p>O Ros\u00e1rio da Virgem Maria era composto por 3 Mist\u00e9rios:<br \/>\nMist\u00e9rios Gozosos, que nos fazem contemplar desde o anucio do Anjo a Nossa Senhora at\u00e9 a perda e o reencontro do Menino Jesus aos 12 anos no templo.<br \/>\nMist\u00e9rios Dolorosos, que contemplamos desde a Agonia de Jesus no Horto das Oliveiras at\u00e9 a sua Crucifica\u00e7\u00e3o e Morte.\u00a0<br \/>\nMist\u00e9rios Gloriosos, que contemplamos da Ressurrei\u00e7\u00e3o de Jesus at\u00e9 a Coroa\u00e7\u00e3o de Nossa Senhora como Rainha e M\u00e3e do C\u00e9u.<br \/>\n <a href=\"https:\/\/blog.cancaonova.com\/paisecatequistas\/sao-joao-paulo-ii-e-nossa-senhora\/\">Continue lendo <span class=\"meta-nav\">&rarr;<\/span><\/a><\/p>\n","protected":false},"author":4340,"featured_media":16866,"comment_status":"closed","ping_status":"closed","sticky":false,"template":"","format":"standard","meta":{"_mi_skip_tracking":false,"_monsterinsights_sitenote_active":false,"_monsterinsights_sitenote_note":"","_monsterinsights_sitenote_category":0,"footnotes":""},"categories":[200710,289591],"tags":[37029,2231,17269,289601,17268],"_links":{"self":[{"href":"https:\/\/blog.cancaonova.com\/paisecatequistas\/wp-json\/wp\/v2\/posts\/16865"}],"collection":[{"href":"https:\/\/blog.cancaonova.com\/paisecatequistas\/wp-json\/wp\/v2\/posts"}],"about":[{"href":"https:\/\/blog.cancaonova.com\/paisecatequistas\/wp-json\/wp\/v2\/types\/post"}],"author":[{"embeddable":true,"href":"https:\/\/blog.cancaonova.com\/paisecatequistas\/wp-json\/wp\/v2\/users\/4340"}],"replies":[{"embeddable":true,"href":"https:\/\/blog.cancaonova.com\/paisecatequistas\/wp-json\/wp\/v2\/comments?post=16865"}],"version-history":[{"count":7,"href":"https:\/\/blog.cancaonova.com\/paisecatequistas\/wp-json\/wp\/v2\/posts\/16865\/revisions"}],"predecessor-version":[{"id":20200,"href":"https:\/\/blog.cancaonova.com\/paisecatequistas\/wp-json\/wp\/v2\/posts\/16865\/revisions\/20200"}],"wp:featuredmedia":[{"embeddable":true,"href":"https:\/\/blog.cancaonova.com\/paisecatequistas\/wp-json\/wp\/v2\/media\/16866"}],"wp:attachment":[{"href":"https:\/\/blog.cancaonova.com\/paisecatequistas\/wp-json\/wp\/v2\/media?parent=16865"}],"wp:term":[{"taxonomy":"category","embeddable":true,"href":"https:\/\/blog.cancaonova.com\/paisecatequistas\/wp-json\/wp\/v2\/categories?post=16865"},{"taxonomy":"post_tag","embeddable":true,"href":"https:\/\/blog.cancaonova.com\/paisecatequistas\/wp-json\/wp\/v2\/tags?post=16865"}],"curies":[{"name":"wp","href":"https:\/\/api.w.org\/{rel}","templated":true}]}}