{"id":16933,"date":"2024-03-18T12:52:38","date_gmt":"2024-03-18T14:52:38","guid":{"rendered":"http:\/\/blog.cancaonova.com\/paisecatequistas\/?p=16933"},"modified":"2026-02-20T13:28:16","modified_gmt":"2026-02-20T15:28:16","slug":"beata-chiara-luce-e-caridade-na-amizade","status":"publish","type":"post","link":"https:\/\/blog.cancaonova.com\/paisecatequistas\/beata-chiara-luce-e-caridade-na-amizade\/","title":{"rendered":"Beata Chiara Luce e a caridade na amizade"},"content":{"rendered":"<h3>Clara Luz<\/h3>\n<p>Um linda jovem italiana, Chiara Luci, Clara Luz. Esse carinhoso apelido, Chiara o recebeu da pr\u00f3pria Chiara Lubic, fundadora do Movimento Folcolare, no qual\u00a0 ela participava.<\/p>\n<p>Chiara era uma menina muito alegre, tinha muitos amigos. Em plena juventude, \u00e9 acometida por uma doen\u00e7a muito grave que a faz ficar de cama e a passar por muitos tratamentos.<\/p>\n<h3>Miss\u00e3o \u00c1frica<\/h3>\n<p style=\"text-align: left\">Um de seus amigos queria ser mission\u00e1rio na \u00c1frica, mas n\u00e3o tinha condi\u00e7\u00f5es financeiras para fazer a viagem. Chiara, ent\u00e3o, teve uma ideia, lembrou que tinha algumas economias e, como n\u00e3o teria mais como us\u00e1-las, viu por bem, e muito mais aproveitado, dar ao seu amigo para que realizasse sua miss\u00e3o.<\/p>\n<h3>Tenho Tudo<\/h3>\n<p>Seu amigo ficou surpreso e perguntou se realmente era isso que ela queria, ent\u00e3o, Chiara lhe responde: &#8220;Claro que sim, eu j\u00e1 tenho Tudo&#8221;. E o Tudo, ao qual Chiara se referia, era Jesus.<\/p>\n<p>Chiara sofreu muito, mas nunca perdeu a alegria, a f\u00e9 e o sorriso de quem tem o &#8220;Tudo&#8221;.<\/p>\n<p style=\"text-align: left\">Que tal, neste dia, praticarmos a caridade?<\/p>\n<p><iframe loading=\"lazy\" title=\"Quaresma CN Kids: Beata Chiara Luce\" width=\"600\" height=\"338\" src=\"https:\/\/www.youtube.com\/embed\/BUCRTzfegcE?feature=oembed&amp;rel=0\" frameborder=\"0\" allow=\"accelerometer; autoplay; clipboard-write; encrypted-media; gyroscope; picture-in-picture; web-share\" referrerpolicy=\"strict-origin-when-cross-origin\" allowfullscreen><\/iframe><\/p>\n<ul>\n<li><a href=\"https:\/\/blog.cancaonova.com\/paisecatequistas\/wp-admin\/post.php?post=10655&amp;action=edit\">Beata Chiara Luce, padroeira da juventude, rogai pelos jovens do mundo!<\/a><\/li>\n<\/ul>\n","protected":false},"excerpt":{"rendered":"<p>Clara Luz<br \/>\nUm linda jovem italiana, Chiara Luci , Clara Luz ! Este carinhoso apelido, Chiara o recebeu da pr\u00f3pria Chiara Lubic, fundadora do Movimento Folcolare, no qual\u00a0 ela participava.\u00a0<\/p>\n<p>Chiara era uma menina muito alegre, tinha muitos amigos. Em plena juventude, \u00e9 acometida por uma doen\u00e7a muito grave que a faz ficar de cama e passar por muitos tratamentos. <a href=\"https:\/\/blog.cancaonova.com\/paisecatequistas\/beata-chiara-luce-e-caridade-na-amizade\/\">Continue lendo <span class=\"meta-nav\">&rarr;<\/span><\/a><\/p>\n","protected":false},"author":4340,"featured_media":16937,"comment_status":"closed","ping_status":"closed","sticky":false,"template":"","format":"standard","meta":{"_mi_skip_tracking":false,"_monsterinsights_sitenote_active":false,"_monsterinsights_sitenote_note":"","_monsterinsights_sitenote_category":0,"footnotes":""},"categories":[200710],"tags":[17772,17119,111,26912,16619,15812,27438,34809,8001],"_links":{"self":[{"href":"https:\/\/blog.cancaonova.com\/paisecatequistas\/wp-json\/wp\/v2\/posts\/16933"}],"collection":[{"href":"https:\/\/blog.cancaonova.com\/paisecatequistas\/wp-json\/wp\/v2\/posts"}],"about":[{"href":"https:\/\/blog.cancaonova.com\/paisecatequistas\/wp-json\/wp\/v2\/types\/post"}],"author":[{"embeddable":true,"href":"https:\/\/blog.cancaonova.com\/paisecatequistas\/wp-json\/wp\/v2\/users\/4340"}],"replies":[{"embeddable":true,"href":"https:\/\/blog.cancaonova.com\/paisecatequistas\/wp-json\/wp\/v2\/comments?post=16933"}],"version-history":[{"count":7,"href":"https:\/\/blog.cancaonova.com\/paisecatequistas\/wp-json\/wp\/v2\/posts\/16933\/revisions"}],"predecessor-version":[{"id":20212,"href":"https:\/\/blog.cancaonova.com\/paisecatequistas\/wp-json\/wp\/v2\/posts\/16933\/revisions\/20212"}],"wp:featuredmedia":[{"embeddable":true,"href":"https:\/\/blog.cancaonova.com\/paisecatequistas\/wp-json\/wp\/v2\/media\/16937"}],"wp:attachment":[{"href":"https:\/\/blog.cancaonova.com\/paisecatequistas\/wp-json\/wp\/v2\/media?parent=16933"}],"wp:term":[{"taxonomy":"category","embeddable":true,"href":"https:\/\/blog.cancaonova.com\/paisecatequistas\/wp-json\/wp\/v2\/categories?post=16933"},{"taxonomy":"post_tag","embeddable":true,"href":"https:\/\/blog.cancaonova.com\/paisecatequistas\/wp-json\/wp\/v2\/tags?post=16933"}],"curies":[{"name":"wp","href":"https:\/\/api.w.org\/{rel}","templated":true}]}}