{"id":16944,"date":"2024-03-19T12:10:17","date_gmt":"2024-03-19T14:10:17","guid":{"rendered":"http:\/\/blog.cancaonova.com\/paisecatequistas\/?p=16944"},"modified":"2024-03-19T13:54:24","modified_gmt":"2024-03-19T15:54:24","slug":"jejuar-e-rezar-2","status":"publish","type":"post","link":"https:\/\/blog.cancaonova.com\/paisecatequistas\/jejuar-e-rezar-2\/","title":{"rendered":"Jejuar \u00e9 rezar"},"content":{"rendered":"<div class=\"flex-1 overflow-hidden\">\n<div class=\"react-scroll-to-bottom--css-vabxa-79elbk h-full\">\n<div class=\"react-scroll-to-bottom--css-vabxa-1n7m0yu\">\n<div class=\"flex flex-col text-sm pb-9\">\n<div class=\"w-full text-token-text-primary\">\n<div class=\"px-4 py-2 justify-center text-base md:gap-6 m-auto\">\n<div class=\"flex flex-1 text-base mx-auto gap-3 md:px-5 lg:px-1 xl:px-5 md:max-w-3xl lg:max-w-[40rem] xl:max-w-[48rem] group final-completion\">\n<div class=\"relative flex w-full flex-col agent-turn\">\n<div class=\"flex-col gap-1 md:gap-3\">\n<div class=\"flex flex-grow flex-col max-w-full\">\n<div class=\"min-h-[20px] text-message flex flex-col items-start gap-3 whitespace-pre-wrap break-words [.text-message+&amp;]:mt-5 overflow-x-auto\">\n<div class=\"markdown prose w-full break-words dark:prose-invert light\">\n<p>O jejum \u00e9 uma pr\u00e1tica antiga. Na Igreja Cat\u00f3lica, o jejum \u00e9 um ato de ren\u00fancia volunt\u00e1ria de alimentos ou de certas comidas durante um per\u00edodo determinado.<\/p>\n<h3>Rezar com o corpo<\/h3>\n<p>Maria J\u00falia est\u00e1 curiosa para entender melhor o jejum. A quem ser\u00e1 que ela vai recorrer? Sim! Ela pediu ajuda para o Janj\u00e3o, que explicou: &#8220;O jejum \u00e9 uma forma de penit\u00eancia, um convite a rezar com o corpo, disciplinando nossa vontade, especialmente durante a Quaresma e em outras \u00e9pocas de penit\u00eancia. Geralmente, os fi\u00e9is s\u00e3o encorajados a jejuar diminuindo suas refei\u00e7\u00f5es a uma principal e duas pequenas por dia, sem comer carne em certos dias, como na Sexta-Feira Santa.<\/p>\n<p><strong>Todos podem jejuar?<\/strong><\/p>\n<p>Sim, todos podem jejuar de acordo com suas capacidades e circunst\u00e2ncias. Padre Jonas, em seu livro <a href=\"https:\/\/loja.cancaonova.com\/livro-praticas-de-jejum\">&#8216;Pr\u00e1ticas de Jejum&#8217;<\/a>, ensina formas de jejum que podem se adaptar \u00e0 sa\u00fade, \u00e0 idade e \u00e0s condi\u00e7\u00f5es de cada pessoa.<\/p>\n<h3>Jejum e abstin\u00eancia<\/h3>\n<p>Al\u00e9m do jejum de alimentos, podemos abstendo-nos de m\u00eddias sociais, de certos h\u00e1bitos ou comportamentos prejudiciais, dedicando mais tempo \u00e0 ora\u00e7\u00e3o e \u00e0 caridade.<\/p>\n<p><iframe loading=\"lazy\" title=\"Janj\u00c3\u00a3o: Jejum\" width=\"600\" height=\"338\" src=\"https:\/\/www.youtube.com\/embed\/NGYT7CEXCJM?feature=oembed&amp;rel=0\" frameborder=\"0\" allow=\"accelerometer; autoplay; clipboard-write; encrypted-media; gyroscope; picture-in-picture; web-share\" referrerpolicy=\"strict-origin-when-cross-origin\" allowfullscreen><\/iframe><\/p>\n<p>&nbsp;<\/p>\n<\/div>\n<\/div>\n<\/div>\n<div class=\"mt-1 flex justify-start gap-3 empty:hidden\"><\/div>\n<div class=\"pr-2 lg:pr-0\"><\/div>\n<\/div>\n<div class=\"absolute\"><\/div>\n<\/div>\n<\/div>\n<\/div>\n<\/div>\n<\/div>\n<\/div>\n<\/div>\n<\/div>\n<div class=\"w-full pt-2 md:pt-0 dark:border-white\/20 md:border-transparent md:dark:border-transparent md:w-[calc(100%-.5rem)]\"><\/div>\n","protected":false},"excerpt":{"rendered":"<p>Maria J\u00falia, esta curiosa para entender melhor, e a quem ser\u00e1 que ela vai recorrer? Sim, ela pediu ajuda para o Janj\u00e3o que explicou: o jejum \u00e9 uma forma de penit\u00eancia, um convite a rezar com o corpo, disciplinando nossa vontade, especialmente durante a Quaresma e em outras \u00e9pocas de penit\u00eancia. Geralmente, os fi\u00e9is s\u00e3o encorajados a jejuar diminuindo suas refei\u00e7\u00f5es a uma principal e duas pequenas por dia, sem comer carne em certos dias, como na Sexta-Feira Santa. <a href=\"https:\/\/blog.cancaonova.com\/paisecatequistas\/jejuar-e-rezar-2\/\">Continue lendo <span class=\"meta-nav\">&rarr;<\/span><\/a><\/p>\n","protected":false},"author":4340,"featured_media":16946,"comment_status":"open","ping_status":"open","sticky":false,"template":"","format":"standard","meta":{"_mi_skip_tracking":false,"_monsterinsights_sitenote_active":false,"_monsterinsights_sitenote_note":"","_monsterinsights_sitenote_category":0,"footnotes":""},"categories":[200710],"tags":[5011,8001,17230,8181,118092],"_links":{"self":[{"href":"https:\/\/blog.cancaonova.com\/paisecatequistas\/wp-json\/wp\/v2\/posts\/16944"}],"collection":[{"href":"https:\/\/blog.cancaonova.com\/paisecatequistas\/wp-json\/wp\/v2\/posts"}],"about":[{"href":"https:\/\/blog.cancaonova.com\/paisecatequistas\/wp-json\/wp\/v2\/types\/post"}],"author":[{"embeddable":true,"href":"https:\/\/blog.cancaonova.com\/paisecatequistas\/wp-json\/wp\/v2\/users\/4340"}],"replies":[{"embeddable":true,"href":"https:\/\/blog.cancaonova.com\/paisecatequistas\/wp-json\/wp\/v2\/comments?post=16944"}],"version-history":[{"count":4,"href":"https:\/\/blog.cancaonova.com\/paisecatequistas\/wp-json\/wp\/v2\/posts\/16944\/revisions"}],"predecessor-version":[{"id":16952,"href":"https:\/\/blog.cancaonova.com\/paisecatequistas\/wp-json\/wp\/v2\/posts\/16944\/revisions\/16952"}],"wp:featuredmedia":[{"embeddable":true,"href":"https:\/\/blog.cancaonova.com\/paisecatequistas\/wp-json\/wp\/v2\/media\/16946"}],"wp:attachment":[{"href":"https:\/\/blog.cancaonova.com\/paisecatequistas\/wp-json\/wp\/v2\/media?parent=16944"}],"wp:term":[{"taxonomy":"category","embeddable":true,"href":"https:\/\/blog.cancaonova.com\/paisecatequistas\/wp-json\/wp\/v2\/categories?post=16944"},{"taxonomy":"post_tag","embeddable":true,"href":"https:\/\/blog.cancaonova.com\/paisecatequistas\/wp-json\/wp\/v2\/tags?post=16944"}],"curies":[{"name":"wp","href":"https:\/\/api.w.org\/{rel}","templated":true}]}}