{"id":16948,"date":"2024-03-19T13:02:58","date_gmt":"2024-03-19T15:02:58","guid":{"rendered":"http:\/\/blog.cancaonova.com\/paisecatequistas\/?p=16948"},"modified":"2026-02-20T13:44:26","modified_gmt":"2026-02-20T15:44:26","slug":"beato-pier-giorgio-frassati-e-caridade","status":"publish","type":"post","link":"https:\/\/blog.cancaonova.com\/paisecatequistas\/beato-pier-giorgio-frassati-e-caridade\/","title":{"rendered":"S\u00e3o Pier Giorgio Frassati, e a caridade"},"content":{"rendered":"<p><strong>Um jovem italiano<\/strong><\/p>\n<p>Um jovem santo\u00a0 italiano chamado Pierre Giorgio j\u00e1 est\u00e1 no c\u00e9u. E sabe o que o ajudou a ser santo? Foi o profundo e grande amor a Jesus presente na\u00a0 Eucaristia.<\/p>\n<p>Pier ia \u00e0 Santa Missa todos os dias, e recebia Jesus em seu cora\u00e7\u00e3o. Isso lhe era motivo de profunda alegria.<\/p>\n<p><strong>Voc\u00ea sabia?<\/strong><\/p>\n<p>Naquela \u00e9poca, era pedido que fizessem tr\u00eas horas de jejum para receber Jesus na Eucaristia, mas Pier fazia 12 horas, oferecendo assim um sacrif\u00edcio de amor por Jesus Eucar\u00edstico, e dizia: &#8220;Se Jesus vem a mim, que sou um pobre pecador, eu tamb\u00e9m ei de ir visit\u00e1-Lo nos pobres doentes que ningu\u00e9m visita&#8221;, e fazia-lhes curativo e companhia, al\u00e9m de levar alimentos.<\/p>\n<p>Pier Giorgio Frassati foi canonizado no dia 07 de setembro de 2025 junto com S\u00e3o Carlo Acutis.<\/p>\n<p>S\u00e3o Pier Giorgio Frassati, rogai por n\u00f3s!<\/p>\n<p><iframe loading=\"lazy\" title=\"Quaresma CN Kids: Beato Pier Giorgio Frassati\" width=\"600\" height=\"338\" src=\"https:\/\/www.youtube.com\/embed\/fICz8se0Fg8?feature=oembed&amp;rel=0\" frameborder=\"0\" allow=\"accelerometer; autoplay; clipboard-write; encrypted-media; gyroscope; picture-in-picture; web-share\" referrerpolicy=\"strict-origin-when-cross-origin\" allowfullscreen><\/iframe><\/p>\n<p>&nbsp;<\/p>\n","protected":false},"excerpt":{"rendered":"<p>Um jovem Beato italiano chamado Pierre Giorgio, que j\u00e1 esta no c\u00e9u. E sabe o que o ajudou a ser santo?\u00a0Foi o profundo e grande amor a Jesus presente na\u00a0 Eucaristia.\u00a0<\/p>\n<p>Pier, todos os dias ia a Santa Missa e recebia Jesus em seu cora\u00e7\u00e3o e isso lhe era motivo de profunda alegria.<\/p>\n<p>Voc\u00ea sabia? <a href=\"https:\/\/blog.cancaonova.com\/paisecatequistas\/beato-pier-giorgio-frassati-e-caridade\/\">Continue lendo <span class=\"meta-nav\">&rarr;<\/span><\/a><\/p>\n","protected":false},"author":4340,"featured_media":16949,"comment_status":"closed","ping_status":"closed","sticky":false,"template":"","format":"standard","meta":{"_mi_skip_tracking":false,"_monsterinsights_sitenote_active":false,"_monsterinsights_sitenote_note":"","_monsterinsights_sitenote_category":0,"footnotes":""},"categories":[200710],"tags":[27731,15812,45593,289614,18725,24554,221,701,91388,561],"_links":{"self":[{"href":"https:\/\/blog.cancaonova.com\/paisecatequistas\/wp-json\/wp\/v2\/posts\/16948"}],"collection":[{"href":"https:\/\/blog.cancaonova.com\/paisecatequistas\/wp-json\/wp\/v2\/posts"}],"about":[{"href":"https:\/\/blog.cancaonova.com\/paisecatequistas\/wp-json\/wp\/v2\/types\/post"}],"author":[{"embeddable":true,"href":"https:\/\/blog.cancaonova.com\/paisecatequistas\/wp-json\/wp\/v2\/users\/4340"}],"replies":[{"embeddable":true,"href":"https:\/\/blog.cancaonova.com\/paisecatequistas\/wp-json\/wp\/v2\/comments?post=16948"}],"version-history":[{"count":5,"href":"https:\/\/blog.cancaonova.com\/paisecatequistas\/wp-json\/wp\/v2\/posts\/16948\/revisions"}],"predecessor-version":[{"id":20215,"href":"https:\/\/blog.cancaonova.com\/paisecatequistas\/wp-json\/wp\/v2\/posts\/16948\/revisions\/20215"}],"wp:featuredmedia":[{"embeddable":true,"href":"https:\/\/blog.cancaonova.com\/paisecatequistas\/wp-json\/wp\/v2\/media\/16949"}],"wp:attachment":[{"href":"https:\/\/blog.cancaonova.com\/paisecatequistas\/wp-json\/wp\/v2\/media?parent=16948"}],"wp:term":[{"taxonomy":"category","embeddable":true,"href":"https:\/\/blog.cancaonova.com\/paisecatequistas\/wp-json\/wp\/v2\/categories?post=16948"},{"taxonomy":"post_tag","embeddable":true,"href":"https:\/\/blog.cancaonova.com\/paisecatequistas\/wp-json\/wp\/v2\/tags?post=16948"}],"curies":[{"name":"wp","href":"https:\/\/api.w.org\/{rel}","templated":true}]}}