{"id":17000,"date":"2024-03-25T00:00:35","date_gmt":"2024-03-25T02:00:35","guid":{"rendered":"http:\/\/blog.cancaonova.com\/paisecatequistas\/?p=17000"},"modified":"2024-03-22T10:27:17","modified_gmt":"2024-03-22T12:27:17","slug":"via-sacra-para-criancas-2","status":"publish","type":"post","link":"https:\/\/blog.cancaonova.com\/paisecatequistas\/via-sacra-para-criancas-2\/","title":{"rendered":"Via-Sacra para crian\u00e7as"},"content":{"rendered":"<div>\n<div>\n<p>Uma Via-Sacra\u00a0 para crian\u00e7as \u00e9 uma forma maravilhosa de ensinar os pequenos sobre a Paix\u00e3o e Morte de Jesus Cristo.<\/p>\n<\/div>\n<\/div>\n<p>Vamos rezar a Via-Sacra de Nosso Senhor Jesus Cristo junto com as crian\u00e7as e em fam\u00edlia?<\/p>\n<p>&nbsp;<\/p>\n<p><iframe loading=\"lazy\" title=\"Via - Sacra para Crian\u00c3\u00a7as\" width=\"600\" height=\"338\" src=\"https:\/\/www.youtube.com\/embed\/ITitCW5Mbk0?feature=oembed&amp;rel=0\" frameborder=\"0\" allow=\"accelerometer; autoplay; clipboard-write; encrypted-media; gyroscope; picture-in-picture; web-share\" referrerpolicy=\"strict-origin-when-cross-origin\" allowfullscreen><\/iframe><\/p>\n","protected":false},"excerpt":{"rendered":"<p>Vamos rezar juntos a Via-Sacra de Nosso Senhor Jesus Cristo junto com as crian\u00e7as e em fam\u00edlia? <a href=\"https:\/\/blog.cancaonova.com\/paisecatequistas\/via-sacra-para-criancas-2\/\">Continue lendo <span class=\"meta-nav\">&rarr;<\/span><\/a><\/p>\n","protected":false},"author":4340,"featured_media":17001,"comment_status":"open","ping_status":"open","sticky":false,"template":"","format":"standard","meta":{"_mi_skip_tracking":false,"_monsterinsights_sitenote_active":false,"_monsterinsights_sitenote_note":"","_monsterinsights_sitenote_category":0,"footnotes":""},"categories":[200710],"tags":[15792,40,18235,18208],"_links":{"self":[{"href":"https:\/\/blog.cancaonova.com\/paisecatequistas\/wp-json\/wp\/v2\/posts\/17000"}],"collection":[{"href":"https:\/\/blog.cancaonova.com\/paisecatequistas\/wp-json\/wp\/v2\/posts"}],"about":[{"href":"https:\/\/blog.cancaonova.com\/paisecatequistas\/wp-json\/wp\/v2\/types\/post"}],"author":[{"embeddable":true,"href":"https:\/\/blog.cancaonova.com\/paisecatequistas\/wp-json\/wp\/v2\/users\/4340"}],"replies":[{"embeddable":true,"href":"https:\/\/blog.cancaonova.com\/paisecatequistas\/wp-json\/wp\/v2\/comments?post=17000"}],"version-history":[{"count":4,"href":"https:\/\/blog.cancaonova.com\/paisecatequistas\/wp-json\/wp\/v2\/posts\/17000\/revisions"}],"predecessor-version":[{"id":17005,"href":"https:\/\/blog.cancaonova.com\/paisecatequistas\/wp-json\/wp\/v2\/posts\/17000\/revisions\/17005"}],"wp:featuredmedia":[{"embeddable":true,"href":"https:\/\/blog.cancaonova.com\/paisecatequistas\/wp-json\/wp\/v2\/media\/17001"}],"wp:attachment":[{"href":"https:\/\/blog.cancaonova.com\/paisecatequistas\/wp-json\/wp\/v2\/media?parent=17000"}],"wp:term":[{"taxonomy":"category","embeddable":true,"href":"https:\/\/blog.cancaonova.com\/paisecatequistas\/wp-json\/wp\/v2\/categories?post=17000"},{"taxonomy":"post_tag","embeddable":true,"href":"https:\/\/blog.cancaonova.com\/paisecatequistas\/wp-json\/wp\/v2\/tags?post=17000"}],"curies":[{"name":"wp","href":"https:\/\/api.w.org\/{rel}","templated":true}]}}