{"id":17006,"date":"2024-03-22T11:02:38","date_gmt":"2024-03-22T13:02:38","guid":{"rendered":"http:\/\/blog.cancaonova.com\/paisecatequistas\/?p=17006"},"modified":"2025-04-08T14:21:25","modified_gmt":"2025-04-08T16:21:25","slug":"o-amor-de-deus-pela-humanidade","status":"publish","type":"post","link":"https:\/\/blog.cancaonova.com\/paisecatequistas\/o-amor-de-deus-pela-humanidade\/","title":{"rendered":"Um Amor Sem Igual"},"content":{"rendered":"<p>Como pais e catequistas, temos o privil\u00e9gio e a responsabilidade de transmitir a mais linda hist\u00f3ria do amor de Deus pela humanidade, por isso, preparamos uma breve hist\u00f3ria cheia de amor e salva\u00e7\u00e3o.<\/p>\n<p><iframe loading=\"lazy\" title=\"Hist\u00c3\u00b3ria do Amor de Deus pela humanidade\" width=\"600\" height=\"338\" src=\"https:\/\/www.youtube.com\/embed\/lEIZmq0N3FE?feature=oembed&amp;rel=0\" frameborder=\"0\" allow=\"accelerometer; autoplay; clipboard-write; encrypted-media; gyroscope; picture-in-picture; web-share\" referrerpolicy=\"strict-origin-when-cross-origin\" allowfullscreen><\/iframe><\/p>\n","protected":false},"excerpt":{"rendered":"<p>Como pais e catequistas, temos o privil\u00e9gio e a responsabilidade de transmitir a mais linda Historia do Amor de Deus pela humanidade, por isso preparamos uma breve historia, mas cheia de amor e salva\u00e7\u00e3o.<\/p>\n<p> <a href=\"https:\/\/blog.cancaonova.com\/paisecatequistas\/o-amor-de-deus-pela-humanidade\/\">Continue lendo <span class=\"meta-nav\">&rarr;<\/span><\/a><\/p>\n","protected":false},"author":4340,"featured_media":17010,"comment_status":"closed","ping_status":"closed","sticky":false,"template":"","format":"standard","meta":{"_mi_skip_tracking":false,"_monsterinsights_sitenote_active":false,"_monsterinsights_sitenote_note":"","_monsterinsights_sitenote_category":0,"footnotes":""},"categories":[200710],"tags":[],"_links":{"self":[{"href":"https:\/\/blog.cancaonova.com\/paisecatequistas\/wp-json\/wp\/v2\/posts\/17006"}],"collection":[{"href":"https:\/\/blog.cancaonova.com\/paisecatequistas\/wp-json\/wp\/v2\/posts"}],"about":[{"href":"https:\/\/blog.cancaonova.com\/paisecatequistas\/wp-json\/wp\/v2\/types\/post"}],"author":[{"embeddable":true,"href":"https:\/\/blog.cancaonova.com\/paisecatequistas\/wp-json\/wp\/v2\/users\/4340"}],"replies":[{"embeddable":true,"href":"https:\/\/blog.cancaonova.com\/paisecatequistas\/wp-json\/wp\/v2\/comments?post=17006"}],"version-history":[{"count":7,"href":"https:\/\/blog.cancaonova.com\/paisecatequistas\/wp-json\/wp\/v2\/posts\/17006\/revisions"}],"predecessor-version":[{"id":18741,"href":"https:\/\/blog.cancaonova.com\/paisecatequistas\/wp-json\/wp\/v2\/posts\/17006\/revisions\/18741"}],"wp:featuredmedia":[{"embeddable":true,"href":"https:\/\/blog.cancaonova.com\/paisecatequistas\/wp-json\/wp\/v2\/media\/17010"}],"wp:attachment":[{"href":"https:\/\/blog.cancaonova.com\/paisecatequistas\/wp-json\/wp\/v2\/media?parent=17006"}],"wp:term":[{"taxonomy":"category","embeddable":true,"href":"https:\/\/blog.cancaonova.com\/paisecatequistas\/wp-json\/wp\/v2\/categories?post=17006"},{"taxonomy":"post_tag","embeddable":true,"href":"https:\/\/blog.cancaonova.com\/paisecatequistas\/wp-json\/wp\/v2\/tags?post=17006"}],"curies":[{"name":"wp","href":"https:\/\/api.w.org\/{rel}","templated":true}]}}